{"id":17281,"date":"2014-04-07T19:15:00","date_gmt":"2014-04-07T19:15:00","guid":{"rendered":"https:\/\/875jahrekirchgoens.de\/?p=17281"},"modified":"2025-11-15T19:17:05","modified_gmt":"2025-11-15T19:17:05","slug":"weihnachtskonzert-war-grosser-erfolg","status":"publish","type":"post","link":"http:\/\/875jahrekirchgoens.de\/?p=17281","title":{"rendered":"Weihnachtskonzert war gro\u00dfer Erfolg"},"content":{"rendered":"\n<p><em>Gesangverein 1862 Kirch-G\u00f6ns blickt zur\u00fcck \/ Premiere in Kirche der Ayers Kaserne<\/em><\/p>\n\n\n\n<p>Der Gesangverein 1862 Kirch-G\u00f6ns zog in seiner Jahreshauptversammlung in der Gastst\u00e4tte Maiwald Bilanz. Vorsitzende Claudia Binzer berichtet \u00fcber die Aktivit\u00e4ten des Vereins nach dem ereignisreichen Jubil\u00e4umsjahr wieder mit vielen Auftritten und H\u00f6hepunkten f\u00fcr die beiden Ch\u00f6re, gemischter Chor und Gospelchor \u201eLet it shine\u201c, darunter das sehr gut besuchte Schlachtfest. Der Verein verpflichtete mit Theresa Hainz eine neue, junge Dirigentin, die zuvor in Probe-Singstunden mit ihrer mitrei\u00dfenden, offenen Art zu dirigieren, alle S\u00e4nger begeisterte. Seit Mai 2013 findet nun auch die w\u00f6chentliche Singstunde wieder am Mittwoch im B\u00fcrgerhaus Kirch-G\u00f6ns statt \u2013 um 18.45 Uhr Singstunde Gospelchor \u201eLet it shine\u201c, um 20.15 Uhr gemischter Chor. Eine Reihe von Auftritten wurden absolviert, darunter das Bundes-Wertungssingen des S\u00e4ngerbundes H\u00fcttenberg-Schiffenberg, das Jubil\u00e4um der Arbeiterwohlfahrt Hoch-Weisel, 50 Jahre Gemischter Chor Pohl-G\u00f6ns, 175 Jahre Gesangverein 1838 und das Backhausfest Kirch-G\u00f6ns. Nach ersten Gespr\u00e4chen mit den Eigent\u00fcmern, der Familie Bork, Niederkleen, wurde schnell klar, dass die Idee Wirklichkeit werden konnte, ein Weihnachtskonzert in der leerstehenden, amerikanischen Kirche, auf dem ehemaligen Kasernengel\u00e4nde auszurichten. Der ganz besondere Charme dieser Kirche, die \u00fcber Jahre nicht benutzt worden war, sollte den Rahmen f\u00fcr ein au\u00dfergew\u00f6hnliches Konzerterlebnis bilden. So wurde mit viel Engagement und einigem Einsatz von Muskelkraft die Kirche innen und au\u00dfen hergerichtet und schlie\u00dflich weihnachtlich geschm\u00fcckt und beleuchtet f\u00fcr ein stimmungsvolles Weihnachtskonzert. Nach dem Kassenbericht von Schatzmeister Harald Eckhard bescheinigten die Kassenpr\u00fcfer Klaus-Werner Otto und Susanne H\u00f6g eine musterg\u00fcltige Kassenf\u00fchrung. Als neuer Kassenpr\u00fcfer wurden Klaus-Werner Otto und Sabine Winter gew\u00e4hlt. Danach zeichnete Vorsitzende Binzer folgende S\u00e4ngerinnen f\u00fcr besonders flei\u00dfigen Singstundenbesuch aus: Hanni Frischmuth vom gemischten Chor und Ines Kneissl vom Gospelchor. Binzer berichtete \u00fcber den geplanten Besuch eines franz\u00f6sischen Chores aus Saint-Cyr-l\u00b4Ecole, der Partnerstadt von Butzbach, Ende Oktober mit einem gemeinsamen Konzert im B\u00fcrgerhaus Butzbach.<\/p>\n\n\n\n<p>Quelle und Bild: Butzbacher Zeitung vom 7. April 2014<\/p>\n","protected":false},"excerpt":{"rendered":"<p>Gesangverein 1862 Kirch-G\u00f6ns blickt zur\u00fcck \/ Premiere in Kirche der Ayers Kaserne Der Gesangverein 1862 Kirch-G\u00f6ns zog in seiner Jahreshauptversammlung in der Gastst\u00e4tte Maiwald Bilanz. Vorsitzende Claudia Binzer berichtet \u00fcber die Aktivit\u00e4ten des Vereins nach dem ereignisreichen Jubil\u00e4umsjahr wieder mit vielen Auftritten und H\u00f6hepunkten f\u00fcr die beiden Ch\u00f6re, gemischter Chor und Gospelchor \u201eLet it shine\u201c, &#8230; <a title=\"Weihnachtskonzert war gro\u00dfer Erfolg\" class=\"read-more\" href=\"http:\/\/875jahrekirchgoens.de\/?p=17281\" aria-label=\"Mehr Informationen \u00fcber Weihnachtskonzert war gro\u00dfer Erfolg\">Weiterlesen<\/a><\/p>\n","protected":false},"author":1,"featured_media":0,"comment_status":"closed","ping_status":"open","sticky":false,"template":"","format":"standard","meta":{"footnotes":""},"categories":[1],"tags":[],"class_list":["post-17281","post","type-post","status-publish","format-standard","hentry","category-infos"],"_links":{"self":[{"href":"http:\/\/875jahrekirchgoens.de\/index.php?rest_route=\/wp\/v2\/posts\/17281","targetHints":{"allow":["GET"]}}],"collection":[{"href":"http:\/\/875jahrekirchgoens.de\/index.php?rest_route=\/wp\/v2\/posts"}],"about":[{"href":"http:\/\/875jahrekirchgoens.de\/index.php?rest_route=\/wp\/v2\/types\/post"}],"author":[{"embeddable":true,"href":"http:\/\/875jahrekirchgoens.de\/index.php?rest_route=\/wp\/v2\/users\/1"}],"replies":[{"embeddable":true,"href":"http:\/\/875jahrekirchgoens.de\/index.php?rest_route=%2Fwp%2Fv2%2Fcomments&post=17281"}],"version-history":[{"count":1,"href":"http:\/\/875jahrekirchgoens.de\/index.php?rest_route=\/wp\/v2\/posts\/17281\/revisions"}],"predecessor-version":[{"id":17282,"href":"http:\/\/875jahrekirchgoens.de\/index.php?rest_route=\/wp\/v2\/posts\/17281\/revisions\/17282"}],"wp:attachment":[{"href":"http:\/\/875jahrekirchgoens.de\/index.php?rest_route=%2Fwp%2Fv2%2Fmedia&parent=17281"}],"wp:term":[{"taxonomy":"category","embeddable":true,"href":"http:\/\/875jahrekirchgoens.de\/index.php?rest_route=%2Fwp%2Fv2%2Fcategories&post=17281"},{"taxonomy":"post_tag","embeddable":true,"href":"http:\/\/875jahrekirchgoens.de\/index.php?rest_route=%2Fwp%2Fv2%2Ftags&post=17281"}],"curies":[{"name":"wp","href":"https:\/\/api.w.org\/{rel}","templated":true}]}}