{"id":17296,"date":"2014-02-12T19:32:00","date_gmt":"2014-02-12T19:32:00","guid":{"rendered":"https:\/\/875jahrekirchgoens.de\/?p=17296"},"modified":"2025-11-15T19:33:52","modified_gmt":"2025-11-15T19:33:52","slug":"von-der-einstigen-ayers-kaserne","status":"publish","type":"post","link":"http:\/\/875jahrekirchgoens.de\/?p=17296","title":{"rendered":"Von der einstigen Ayers-Kaserne \u2026"},"content":{"rendered":"\n<figure class=\"wp-block-image size-full\"><img loading=\"lazy\" decoding=\"async\" width=\"1024\" height=\"364\" src=\"https:\/\/875jahrekirchgoens.de\/wp-content\/uploads\/2025\/11\/grafik-182.png\" alt=\"\" class=\"wp-image-17297\" srcset=\"http:\/\/875jahrekirchgoens.de\/wp-content\/uploads\/2025\/11\/grafik-182.png 1024w, http:\/\/875jahrekirchgoens.de\/wp-content\/uploads\/2025\/11\/grafik-182-300x107.png 300w, http:\/\/875jahrekirchgoens.de\/wp-content\/uploads\/2025\/11\/grafik-182-768x273.png 768w\" sizes=\"auto, (max-width: 1024px) 100vw, 1024px\" \/><\/figure>\n\n\n\n<p>\u2026 bei Kirch-G\u00f6ns ist bald nur noch das Kirchengeb\u00e4ude \u00fcbrig. In diesen Tagen wurde mit dem Abbruch weiterer Geb\u00e4ude begonnen. Die Kirche jedoch f\u00e4llt der Spitzhacke nicht zum Opfer.<\/p>\n\n\n\n<p>Quelle und Bilder: Butzbacher Zeitung vom 12. Februar 2014<\/p>\n","protected":false},"excerpt":{"rendered":"<p>\u2026 bei Kirch-G\u00f6ns ist bald nur noch das Kirchengeb\u00e4ude \u00fcbrig. In diesen Tagen wurde mit dem Abbruch weiterer Geb\u00e4ude begonnen. Die Kirche jedoch f\u00e4llt der Spitzhacke nicht zum Opfer. Quelle und Bilder: Butzbacher Zeitung vom 12. Februar 2014<\/p>\n","protected":false},"author":1,"featured_media":0,"comment_status":"closed","ping_status":"open","sticky":false,"template":"","format":"standard","meta":{"footnotes":""},"categories":[1],"tags":[],"class_list":["post-17296","post","type-post","status-publish","format-standard","hentry","category-infos"],"_links":{"self":[{"href":"http:\/\/875jahrekirchgoens.de\/index.php?rest_route=\/wp\/v2\/posts\/17296","targetHints":{"allow":["GET"]}}],"collection":[{"href":"http:\/\/875jahrekirchgoens.de\/index.php?rest_route=\/wp\/v2\/posts"}],"about":[{"href":"http:\/\/875jahrekirchgoens.de\/index.php?rest_route=\/wp\/v2\/types\/post"}],"author":[{"embeddable":true,"href":"http:\/\/875jahrekirchgoens.de\/index.php?rest_route=\/wp\/v2\/users\/1"}],"replies":[{"embeddable":true,"href":"http:\/\/875jahrekirchgoens.de\/index.php?rest_route=%2Fwp%2Fv2%2Fcomments&post=17296"}],"version-history":[{"count":1,"href":"http:\/\/875jahrekirchgoens.de\/index.php?rest_route=\/wp\/v2\/posts\/17296\/revisions"}],"predecessor-version":[{"id":17298,"href":"http:\/\/875jahrekirchgoens.de\/index.php?rest_route=\/wp\/v2\/posts\/17296\/revisions\/17298"}],"wp:attachment":[{"href":"http:\/\/875jahrekirchgoens.de\/index.php?rest_route=%2Fwp%2Fv2%2Fmedia&parent=17296"}],"wp:term":[{"taxonomy":"category","embeddable":true,"href":"http:\/\/875jahrekirchgoens.de\/index.php?rest_route=%2Fwp%2Fv2%2Fcategories&post=17296"},{"taxonomy":"post_tag","embeddable":true,"href":"http:\/\/875jahrekirchgoens.de\/index.php?rest_route=%2Fwp%2Fv2%2Ftags&post=17296"}],"curies":[{"name":"wp","href":"https:\/\/api.w.org\/{rel}","templated":true}]}}