{"id":17316,"date":"2001-11-10T18:26:00","date_gmt":"2001-11-10T18:26:00","guid":{"rendered":"https:\/\/875jahrekirchgoens.de\/?p=17316"},"modified":"2025-11-16T18:26:54","modified_gmt":"2025-11-16T18:26:54","slug":"koenigsschiessen-in-kirch-goens-3","status":"publish","type":"post","link":"http:\/\/875jahrekirchgoens.de\/?p=17316","title":{"rendered":"K\u00f6nigsschie\u00dfen in Kirch-G\u00f6ns"},"content":{"rendered":"\n<p>Am 2. November schoss der Sch\u00fctzenverein Kirch-G\u00f6ns seine W\u00fcrdentr\u00e4ger aus. In diesem Jahr waren die Damen am zielsichersten. Nach nur 40 Minuten und 68 Schuss standen Ingrid Herbel als Sch\u00fctzenk\u00f6nigin 2001 und Angela M\u00f6ller als Hofdame fest. Um 21.38 Uhr brach erneut Jubel aus: Die Krone war mit dem 83. Schuss gefallen und Ralf Winter stand als Sch\u00fctzenk\u00f6nig fest. Ihn flankieren als 1. Ritter Hagen Heinz und Kurt Hartig als 2. Ritter. Nach 1 Stunde 40 Minuten und 148 Schuss hatte auch die Jugend ihren W\u00fcrdentr\u00e4ger ermittelt. Wie im Vorjahr hei\u00dft der Prinz Stefan H\u00e4user. Im Anschluss an das Schie\u00dfen fand die Proklamation statt. Bis in den f\u00fchren Morgenstunden wurde die K\u00f6nigsfamilie gefeiert. <\/p>\n\n\n\n<figure class=\"wp-block-image size-full\"><img loading=\"lazy\" decoding=\"async\" width=\"1024\" height=\"604\" src=\"https:\/\/875jahrekirchgoens.de\/wp-content\/uploads\/2025\/11\/grafik-185.png\" alt=\"\" class=\"wp-image-17317\" srcset=\"http:\/\/875jahrekirchgoens.de\/wp-content\/uploads\/2025\/11\/grafik-185.png 1024w, http:\/\/875jahrekirchgoens.de\/wp-content\/uploads\/2025\/11\/grafik-185-300x177.png 300w, http:\/\/875jahrekirchgoens.de\/wp-content\/uploads\/2025\/11\/grafik-185-768x453.png 768w\" sizes=\"auto, (max-width: 1024px) 100vw, 1024px\" \/><\/figure>\n\n\n\n<p class=\"has-text-align-center\">Das Bild zeigt v. l. Stefan H\u00e4user, Angela M\u00f6ller, Ingrid Herbel, Ralf Winter, Hagen Heinz und Kurt Hartig.<\/p>\n\n\n\n<p>Quelle und Bild: Butzbacher Zeitung vom 10. November 2001<\/p>\n","protected":false},"excerpt":{"rendered":"<p>Am 2. November schoss der Sch\u00fctzenverein Kirch-G\u00f6ns seine W\u00fcrdentr\u00e4ger aus. In diesem Jahr waren die Damen am zielsichersten. Nach nur 40 Minuten und 68 Schuss standen Ingrid Herbel als Sch\u00fctzenk\u00f6nigin 2001 und Angela M\u00f6ller als Hofdame fest. Um 21.38 Uhr brach erneut Jubel aus: Die Krone war mit dem 83. Schuss gefallen und Ralf Winter &#8230; <a title=\"K\u00f6nigsschie\u00dfen in Kirch-G\u00f6ns\" class=\"read-more\" href=\"http:\/\/875jahrekirchgoens.de\/?p=17316\" aria-label=\"Mehr Informationen \u00fcber K\u00f6nigsschie\u00dfen in Kirch-G\u00f6ns\">Weiterlesen<\/a><\/p>\n","protected":false},"author":1,"featured_media":0,"comment_status":"closed","ping_status":"open","sticky":false,"template":"","format":"standard","meta":{"footnotes":""},"categories":[1],"tags":[],"class_list":["post-17316","post","type-post","status-publish","format-standard","hentry","category-infos"],"_links":{"self":[{"href":"http:\/\/875jahrekirchgoens.de\/index.php?rest_route=\/wp\/v2\/posts\/17316","targetHints":{"allow":["GET"]}}],"collection":[{"href":"http:\/\/875jahrekirchgoens.de\/index.php?rest_route=\/wp\/v2\/posts"}],"about":[{"href":"http:\/\/875jahrekirchgoens.de\/index.php?rest_route=\/wp\/v2\/types\/post"}],"author":[{"embeddable":true,"href":"http:\/\/875jahrekirchgoens.de\/index.php?rest_route=\/wp\/v2\/users\/1"}],"replies":[{"embeddable":true,"href":"http:\/\/875jahrekirchgoens.de\/index.php?rest_route=%2Fwp%2Fv2%2Fcomments&post=17316"}],"version-history":[{"count":1,"href":"http:\/\/875jahrekirchgoens.de\/index.php?rest_route=\/wp\/v2\/posts\/17316\/revisions"}],"predecessor-version":[{"id":17318,"href":"http:\/\/875jahrekirchgoens.de\/index.php?rest_route=\/wp\/v2\/posts\/17316\/revisions\/17318"}],"wp:attachment":[{"href":"http:\/\/875jahrekirchgoens.de\/index.php?rest_route=%2Fwp%2Fv2%2Fmedia&parent=17316"}],"wp:term":[{"taxonomy":"category","embeddable":true,"href":"http:\/\/875jahrekirchgoens.de\/index.php?rest_route=%2Fwp%2Fv2%2Fcategories&post=17316"},{"taxonomy":"post_tag","embeddable":true,"href":"http:\/\/875jahrekirchgoens.de\/index.php?rest_route=%2Fwp%2Fv2%2Ftags&post=17316"}],"curies":[{"name":"wp","href":"https:\/\/api.w.org\/{rel}","templated":true}]}}