{"id":17339,"date":"2011-08-26T18:45:00","date_gmt":"2011-08-26T18:45:00","guid":{"rendered":"https:\/\/875jahrekirchgoens.de\/?p=17339"},"modified":"2025-11-16T18:45:41","modified_gmt":"2025-11-16T18:45:41","slug":"kirch-goenser-dorflinde-zerstoert","status":"publish","type":"post","link":"http:\/\/875jahrekirchgoens.de\/?p=17339","title":{"rendered":"Kirch-G\u00f6nser Dorflinde zerst\u00f6rt"},"content":{"rendered":"\n<figure class=\"wp-block-image size-full\"><img loading=\"lazy\" decoding=\"async\" width=\"1024\" height=\"366\" src=\"https:\/\/875jahrekirchgoens.de\/wp-content\/uploads\/2025\/11\/grafik-191.png\" alt=\"\" class=\"wp-image-17340\" srcset=\"http:\/\/875jahrekirchgoens.de\/wp-content\/uploads\/2025\/11\/grafik-191.png 1024w, http:\/\/875jahrekirchgoens.de\/wp-content\/uploads\/2025\/11\/grafik-191-300x107.png 300w, http:\/\/875jahrekirchgoens.de\/wp-content\/uploads\/2025\/11\/grafik-191-768x275.png 768w\" sizes=\"auto, (max-width: 1024px) 100vw, 1024px\" \/><\/figure>\n\n\n\n<p>Dem Gewittersturm am Mittwoch fielen in Kirch-G\u00f6ns zahlreiche B\u00e4ume zum Opfer, darunter die \u00fcber 400 Jahre alte Linde vor dem historischen Backhaus in der Dorfmitte. Die obere Baumkrone wurde vom Sturm herunter gefegt. Danach zeigte sich, dass der Stamm innen verfault und teilweise schon hohl war. Die noch verbliebenen \u00c4ste waren alle angerissen und mussten sp\u00e4ter durch die st\u00e4dtische Baukolonne abges\u00e4gt werden. Nach dem Gewittersturm sicherte die Kirch-G\u00f6nser Feuerwehr die Linde und schaffte die abgerissene Baumkrone weg. Bei Redaktionsschluss stand noch nicht fest, ob die Linde insgesamt gef\u00e4llt werden muss oder ob der restliche Stamm stehen bleiben kann, damit er noch einmal austreibt. Von der Kirch-G\u00f6nser Feuerwehr waren \u00fcber Stunden achtzehn Einsatzkr\u00e4fte im Dorf unterwegs, um bei den verschiedensten Sch\u00e4den zu helfen. Bei der Dorflinde und bei stark besch\u00e4digten B\u00e4umen auf dem Gel\u00e4nde des st\u00e4dtischen Kindergartens kam die gro\u00dfe Drehleiter der Kernstadtfeuerwehr zum Einsatz. Da die B3 stundenlang im Bereich Pohl-\/Kirch-G\u00f6ns gesperrt war, wurde der Verkehr durch beide D\u00f6rfer geleitet, was zu einem gr\u00f6\u00dferen Chaos in den schmalen Gassen durch die vielen dort geparkten Pkw f\u00fchrte. Als das linke Bild der Kirch-G\u00f6nser Linde am Montagvormittag vor dem historischen Backhaus entstand, war der jahrhundertealte Baum noch intakt. Am Mittwochsp\u00e4tnachmittag zog eine Sturmb\u00f6e den Baum in Mitleidenschaft. Den Baumtorso zeigt das rechte Bild vom Donnerstagvormittag.<\/p>\n\n\n\n<p>Quelle und Bilder: Butzbacher Zeitung vom 26. August 2011<\/p>\n","protected":false},"excerpt":{"rendered":"<p>Dem Gewittersturm am Mittwoch fielen in Kirch-G\u00f6ns zahlreiche B\u00e4ume zum Opfer, darunter die \u00fcber 400 Jahre alte Linde vor dem historischen Backhaus in der Dorfmitte. Die obere Baumkrone wurde vom Sturm herunter gefegt. Danach zeigte sich, dass der Stamm innen verfault und teilweise schon hohl war. Die noch verbliebenen \u00c4ste waren alle angerissen und mussten &#8230; <a title=\"Kirch-G\u00f6nser Dorflinde zerst\u00f6rt\" class=\"read-more\" href=\"http:\/\/875jahrekirchgoens.de\/?p=17339\" aria-label=\"Mehr Informationen \u00fcber Kirch-G\u00f6nser Dorflinde zerst\u00f6rt\">Weiterlesen<\/a><\/p>\n","protected":false},"author":1,"featured_media":0,"comment_status":"closed","ping_status":"open","sticky":false,"template":"","format":"standard","meta":{"footnotes":""},"categories":[1],"tags":[],"class_list":["post-17339","post","type-post","status-publish","format-standard","hentry","category-infos"],"_links":{"self":[{"href":"http:\/\/875jahrekirchgoens.de\/index.php?rest_route=\/wp\/v2\/posts\/17339","targetHints":{"allow":["GET"]}}],"collection":[{"href":"http:\/\/875jahrekirchgoens.de\/index.php?rest_route=\/wp\/v2\/posts"}],"about":[{"href":"http:\/\/875jahrekirchgoens.de\/index.php?rest_route=\/wp\/v2\/types\/post"}],"author":[{"embeddable":true,"href":"http:\/\/875jahrekirchgoens.de\/index.php?rest_route=\/wp\/v2\/users\/1"}],"replies":[{"embeddable":true,"href":"http:\/\/875jahrekirchgoens.de\/index.php?rest_route=%2Fwp%2Fv2%2Fcomments&post=17339"}],"version-history":[{"count":1,"href":"http:\/\/875jahrekirchgoens.de\/index.php?rest_route=\/wp\/v2\/posts\/17339\/revisions"}],"predecessor-version":[{"id":17341,"href":"http:\/\/875jahrekirchgoens.de\/index.php?rest_route=\/wp\/v2\/posts\/17339\/revisions\/17341"}],"wp:attachment":[{"href":"http:\/\/875jahrekirchgoens.de\/index.php?rest_route=%2Fwp%2Fv2%2Fmedia&parent=17339"}],"wp:term":[{"taxonomy":"category","embeddable":true,"href":"http:\/\/875jahrekirchgoens.de\/index.php?rest_route=%2Fwp%2Fv2%2Fcategories&post=17339"},{"taxonomy":"post_tag","embeddable":true,"href":"http:\/\/875jahrekirchgoens.de\/index.php?rest_route=%2Fwp%2Fv2%2Ftags&post=17339"}],"curies":[{"name":"wp","href":"https:\/\/api.w.org\/{rel}","templated":true}]}}