{"id":17350,"date":"2004-10-30T11:41:00","date_gmt":"2004-10-30T11:41:00","guid":{"rendered":"https:\/\/875jahrekirchgoens.de\/?p=17350"},"modified":"2025-11-17T11:42:35","modified_gmt":"2025-11-17T11:42:35","slug":"das-backhaus-wurde-angeheizt","status":"publish","type":"post","link":"http:\/\/875jahrekirchgoens.de\/?p=17350","title":{"rendered":"Das Backhaus wurde angeheizt"},"content":{"rendered":"\n<p>Alle sechs Wochen bietet der Heimat- und Backhausverein interessierten B\u00fcrgern die Gelegenheit ihre Kuchen und Brote im Backhaus zu backen. Am vergangenen Samstag nahmen f\u00fcnf Familien diese Gelegenheit wahr, wobei der gelernte B\u00e4cker Lothar Nitsche einen der ersten Kuchen in den Ofen einschob. Au\u00dferdem wird von zwei Familien einmal im Monat Brot gebacken, wie Vorsitzender G\u00fcnter Weber erkl\u00e4rte.<\/p>\n\n\n<div class=\"wp-block-image\">\n<figure class=\"aligncenter size-full\"><img loading=\"lazy\" decoding=\"async\" width=\"512\" height=\"335\" src=\"https:\/\/875jahrekirchgoens.de\/wp-content\/uploads\/2025\/11\/grafik-195.png\" alt=\"\" class=\"wp-image-17351\" srcset=\"http:\/\/875jahrekirchgoens.de\/wp-content\/uploads\/2025\/11\/grafik-195.png 512w, http:\/\/875jahrekirchgoens.de\/wp-content\/uploads\/2025\/11\/grafik-195-300x196.png 300w\" sizes=\"auto, (max-width: 512px) 100vw, 512px\" \/><\/figure><\/div>\n\n\n<p>Quelle und Bild: Heimat- und Backhausverein Kirch-G\u00f6ns \/ 30. Oktober 2004<\/p>\n","protected":false},"excerpt":{"rendered":"<p>Alle sechs Wochen bietet der Heimat- und Backhausverein interessierten B\u00fcrgern die Gelegenheit ihre Kuchen und Brote im Backhaus zu backen. Am vergangenen Samstag nahmen f\u00fcnf Familien diese Gelegenheit wahr, wobei der gelernte B\u00e4cker Lothar Nitsche einen der ersten Kuchen in den Ofen einschob. Au\u00dferdem wird von zwei Familien einmal im Monat Brot gebacken, wie Vorsitzender &#8230; <a title=\"Das Backhaus wurde angeheizt\" class=\"read-more\" href=\"http:\/\/875jahrekirchgoens.de\/?p=17350\" aria-label=\"Mehr Informationen \u00fcber Das Backhaus wurde angeheizt\">Weiterlesen<\/a><\/p>\n","protected":false},"author":1,"featured_media":0,"comment_status":"closed","ping_status":"open","sticky":false,"template":"","format":"standard","meta":{"footnotes":""},"categories":[1],"tags":[],"class_list":["post-17350","post","type-post","status-publish","format-standard","hentry","category-infos"],"_links":{"self":[{"href":"http:\/\/875jahrekirchgoens.de\/index.php?rest_route=\/wp\/v2\/posts\/17350","targetHints":{"allow":["GET"]}}],"collection":[{"href":"http:\/\/875jahrekirchgoens.de\/index.php?rest_route=\/wp\/v2\/posts"}],"about":[{"href":"http:\/\/875jahrekirchgoens.de\/index.php?rest_route=\/wp\/v2\/types\/post"}],"author":[{"embeddable":true,"href":"http:\/\/875jahrekirchgoens.de\/index.php?rest_route=\/wp\/v2\/users\/1"}],"replies":[{"embeddable":true,"href":"http:\/\/875jahrekirchgoens.de\/index.php?rest_route=%2Fwp%2Fv2%2Fcomments&post=17350"}],"version-history":[{"count":1,"href":"http:\/\/875jahrekirchgoens.de\/index.php?rest_route=\/wp\/v2\/posts\/17350\/revisions"}],"predecessor-version":[{"id":17352,"href":"http:\/\/875jahrekirchgoens.de\/index.php?rest_route=\/wp\/v2\/posts\/17350\/revisions\/17352"}],"wp:attachment":[{"href":"http:\/\/875jahrekirchgoens.de\/index.php?rest_route=%2Fwp%2Fv2%2Fmedia&parent=17350"}],"wp:term":[{"taxonomy":"category","embeddable":true,"href":"http:\/\/875jahrekirchgoens.de\/index.php?rest_route=%2Fwp%2Fv2%2Fcategories&post=17350"},{"taxonomy":"post_tag","embeddable":true,"href":"http:\/\/875jahrekirchgoens.de\/index.php?rest_route=%2Fwp%2Fv2%2Ftags&post=17350"}],"curies":[{"name":"wp","href":"https:\/\/api.w.org\/{rel}","templated":true}]}}