{"id":17358,"date":"2004-11-30T11:48:00","date_gmt":"2004-11-30T11:48:00","guid":{"rendered":"https:\/\/875jahrekirchgoens.de\/?p=17358"},"modified":"2025-11-17T11:49:42","modified_gmt":"2025-11-17T11:49:42","slug":"200-tiere-auf-der-lokalschau","status":"publish","type":"post","link":"http:\/\/875jahrekirchgoens.de\/?p=17358","title":{"rendered":"200 Tiere auf der Lokalschau"},"content":{"rendered":"\n<p><em>Viel Lob f\u00fcr Jugendarbeit im Verein<\/em><\/p>\n\n\n\n<p>Um die z\u00fcchterischen Erfolge vor heimischen Publikum zu pr\u00e4sentieren, veranstaltete der Kleintierzuchtverein am vergangenen Wochenende wieder seine allj\u00e4hrliche Lokalschau in der Mehrzweckhalle. Die Schau ist f\u00fcr einen Z\u00fcchter wie ein Erntedankfest, stellte Vorsitzender Friedel Werner in der Begr\u00fc\u00dfungsansprache fest. Eingefunden hatten sich zur Er\u00f6ffnung neben dem Schirmherrn B\u00fcrgermeister Oswin Veith, Kreisbeigeordnete Monika Sperzel, Ortsvorsteher Peter Braasch, Wolfgang M\u00fcller vom Kreisverband der Kaninchenz\u00fcchter, Andreas Ewald vom Kreisverband der Rassegefl\u00fcgelz\u00fcchter, Pfarrer William Thum, G\u00fcnter Weber vom Heimat- und Backhausverein sowie Z\u00fcchter, Abordnungen der Nachbarvereine und viele Besucher. In der von Franz Jaksch beschm\u00fcckten Halle waren die K\u00e4fige mit den verschiedenen Tieren und Farbschl\u00e4gen aufgebaut. Bereits am Samstagvormittag nahmen sich drei Preisrichter viel Zeit, um eine entsprechende Bewertung der einzelnen Tiere vorzunehmen. Dabei galt es 60 Kaninchen, 60 Tauben, 18 Gro\u00dfh\u00fchner und 62 Zwergh\u00fchner in Augenschein zu nehmen. Inmitten der K\u00e4figreihen waren Volieren mit Zierv\u00f6geln, wie Kanarienv\u00f6geln und Wellensittiche zu bestaunen. Au\u00dferdem fand ein Streichelzoo mit Kaninchen bei den j\u00fcngsten Besuchern der Lokalschau Beachtung. Ortsvorsteher Peter Braasch freute sich mit dem Veranstalter auf eine sch\u00f6ne Schau und sprach auch die Hoffnung aus, dass die Pr\u00e4sentation von Tieren vor heimischen Publikum noch eine lange Tradition haben m\u00f6chte. Monika Sperzel war \u00fcberrascht von den z\u00fcchterischen Erfolgen der Jugend. Wolfgang M\u00fcller und Andreas Ewald waren beeindruckt, in welch einer Halle diese Lokalschau stattfinde, denn nicht jeder Verein k\u00f6nne auf eine solche Halle zur\u00fcckgreifen, so Wolfgang M\u00fcller abschlie\u00dfend. Pfarrer William Thum revanchierte sich mit Pokalspenden, denn der Kleintierzuchtverein stellte der Kirchengemeinde bei der Einweihung ihres neuen Gemeindehauses ein Zelt zu Verf\u00fcgung. G\u00fcnter Weber gratulierte den Gewinnern von Pokal- und Sachpreisen, \u00fcberreichte eine Pokalspende und w\u00fcnschte sich auch f\u00fcr die Zukunft eine gute Zusammenarbeit der beiden Vereine. Schirmherr Veith freute sich \u00fcber die Pr\u00e4sentation der Tiere. F\u00fcr die z\u00fcchterische Arbeit gab es einen Scheck der Stadt, den Vorsitzender Werner entgegennahm. Abschlie\u00dfend w\u00fcnschte der Rathauschef den Z\u00fcchtern viel Erfolg f\u00fcr die laufende Zuchtsaison. Auch langj\u00e4hrige Mitglieder wurden geehrt. Walter Waldherr und Petra Scioni f\u00fcr 25-j\u00e4hrige Mitgliedschaft. Hans Giehl f\u00fcr 50-j\u00e4hrige Mitgliedschaft. Im Anschluss \u00fcberreichte der Vorsitzende Friedel Werner die Pokal- und Sachpreise. Vereinsmeister bei den Tauben wurde Gerlinde Boller mit Deutsche Modeneser, schietti rot-fahlgeh\u00e4mmert. Den Zuchtpreis vom Kreisverband der Rassegefl\u00fcgelz\u00fcchter nahm Friedel Werner aus den H\u00e4nden von Andreas Ewald entgegen. Weitere Pokale waren f\u00fcr G\u00fcnther Werner, Gerlind und Klaus Boller, Friedel Werner bestimmt. Bei den H\u00fchnern verteidigte Bernd Schindel die im letzten Jahr errungene Vereinsmeisterschaft federf\u00fc\u00dfige Zwerge, gold porzellanfarbig. Die weiteren Pokalempf\u00e4nger waren: Steffen H\u00e4user, Beate M\u00fcller-Werner Kurt Eckhard, G\u00fcnther Steiner, Dieter Winter, Helfried Arnold und Bernd Schindel. Den Titel Vereinsmeister \u2013 Jugend \u2013 bei den Kaninchen sicherte sich Lukas Kassabaum mit der Rasse Kleinsilber, gelb 378 Punkten. Einen weiteren Vereinstitel errang die ZGM Mohr auf grau Wiener, hasengrau. Andreas Gutowski, Friedel Werner, G\u00fcnter Steiner, Wolfgang Schepp und die ZGM Volk waren die weiteren Pokalempf\u00e4nger bei den Kaninchen. Bei den H\u00fchnern wurde Sven Schmidt zum Vereinsjugendmeister gek\u00fcrt.<\/p>\n\n\n<div class=\"wp-block-image\">\n<figure class=\"aligncenter size-full\"><img loading=\"lazy\" decoding=\"async\" width=\"512\" height=\"240\" src=\"https:\/\/875jahrekirchgoens.de\/wp-content\/uploads\/2025\/11\/grafik-197.png\" alt=\"\" class=\"wp-image-17359\" srcset=\"http:\/\/875jahrekirchgoens.de\/wp-content\/uploads\/2025\/11\/grafik-197.png 512w, http:\/\/875jahrekirchgoens.de\/wp-content\/uploads\/2025\/11\/grafik-197-300x141.png 300w\" sizes=\"auto, (max-width: 512px) 100vw, 512px\" \/><\/figure><\/div>\n\n\n<p>Der Nachwuchsz\u00fcchter stellte bei dieser Lokalschau Zwerg Kraienk\u00f6ppe aus. F\u00fcr indische Pfautauben, wei\u00df, konnten Saskia und Juli M\u00fcller einen Pokal in Empfang nehmen. An beiden Tagen hatte der Veranstalter f\u00fcr das leibliche Wohl der Besucher gesorgt.<\/p>\n\n\n\n<p>Quelle und Bild: Butzbacher Zeitung vom 30. November 2004<\/p>\n","protected":false},"excerpt":{"rendered":"<p>Viel Lob f\u00fcr Jugendarbeit im Verein Um die z\u00fcchterischen Erfolge vor heimischen Publikum zu pr\u00e4sentieren, veranstaltete der Kleintierzuchtverein am vergangenen Wochenende wieder seine allj\u00e4hrliche Lokalschau in der Mehrzweckhalle. Die Schau ist f\u00fcr einen Z\u00fcchter wie ein Erntedankfest, stellte Vorsitzender Friedel Werner in der Begr\u00fc\u00dfungsansprache fest. Eingefunden hatten sich zur Er\u00f6ffnung neben dem Schirmherrn B\u00fcrgermeister Oswin &#8230; <a title=\"200 Tiere auf der Lokalschau\" class=\"read-more\" href=\"http:\/\/875jahrekirchgoens.de\/?p=17358\" aria-label=\"Mehr Informationen \u00fcber 200 Tiere auf der Lokalschau\">Weiterlesen<\/a><\/p>\n","protected":false},"author":1,"featured_media":0,"comment_status":"closed","ping_status":"open","sticky":false,"template":"","format":"standard","meta":{"footnotes":""},"categories":[1],"tags":[],"class_list":["post-17358","post","type-post","status-publish","format-standard","hentry","category-infos"],"_links":{"self":[{"href":"http:\/\/875jahrekirchgoens.de\/index.php?rest_route=\/wp\/v2\/posts\/17358","targetHints":{"allow":["GET"]}}],"collection":[{"href":"http:\/\/875jahrekirchgoens.de\/index.php?rest_route=\/wp\/v2\/posts"}],"about":[{"href":"http:\/\/875jahrekirchgoens.de\/index.php?rest_route=\/wp\/v2\/types\/post"}],"author":[{"embeddable":true,"href":"http:\/\/875jahrekirchgoens.de\/index.php?rest_route=\/wp\/v2\/users\/1"}],"replies":[{"embeddable":true,"href":"http:\/\/875jahrekirchgoens.de\/index.php?rest_route=%2Fwp%2Fv2%2Fcomments&post=17358"}],"version-history":[{"count":1,"href":"http:\/\/875jahrekirchgoens.de\/index.php?rest_route=\/wp\/v2\/posts\/17358\/revisions"}],"predecessor-version":[{"id":17360,"href":"http:\/\/875jahrekirchgoens.de\/index.php?rest_route=\/wp\/v2\/posts\/17358\/revisions\/17360"}],"wp:attachment":[{"href":"http:\/\/875jahrekirchgoens.de\/index.php?rest_route=%2Fwp%2Fv2%2Fmedia&parent=17358"}],"wp:term":[{"taxonomy":"category","embeddable":true,"href":"http:\/\/875jahrekirchgoens.de\/index.php?rest_route=%2Fwp%2Fv2%2Fcategories&post=17358"},{"taxonomy":"post_tag","embeddable":true,"href":"http:\/\/875jahrekirchgoens.de\/index.php?rest_route=%2Fwp%2Fv2%2Ftags&post=17358"}],"curies":[{"name":"wp","href":"https:\/\/api.w.org\/{rel}","templated":true}]}}