{"id":17362,"date":"2004-11-30T11:52:00","date_gmt":"2004-11-30T11:52:00","guid":{"rendered":"https:\/\/875jahrekirchgoens.de\/?p=17362"},"modified":"2025-11-17T11:57:15","modified_gmt":"2025-11-17T11:57:15","slug":"die-fensteroeffnung","status":"publish","type":"post","link":"http:\/\/875jahrekirchgoens.de\/?p=17362","title":{"rendered":"Die Fenster\u00f6ffnung \u2026"},"content":{"rendered":"<div class=\"wp-block-image\">\n<figure class=\"aligncenter size-full\"><img loading=\"lazy\" decoding=\"async\" width=\"512\" height=\"362\" src=\"https:\/\/875jahrekirchgoens.de\/wp-content\/uploads\/2025\/11\/grafik-198.png\" alt=\"\" class=\"wp-image-17363\" srcset=\"http:\/\/875jahrekirchgoens.de\/wp-content\/uploads\/2025\/11\/grafik-198.png 512w, http:\/\/875jahrekirchgoens.de\/wp-content\/uploads\/2025\/11\/grafik-198-300x212.png 300w\" sizes=\"auto, (max-width: 512px) 100vw, 512px\" \/><\/figure><\/div>\n\n\n<p>\u2026 am Rathaus-Adventskalender auf dem Butzbacher Marktplatz wurde am Samstag von Kirch-G\u00f6nser Vereinen gestaltet. Auch der Gesangverein geh\u00f6rte dazu und war auf der Marktplatzb\u00fchne zu h\u00f6ren.<\/p>\n\n\n\n<p>Quelle und Bild: Butzbacher Zeitung vom 20. Dezember 2004<\/p>\n","protected":false},"excerpt":{"rendered":"<p>\u2026 am Rathaus-Adventskalender auf dem Butzbacher Marktplatz wurde am Samstag von Kirch-G\u00f6nser Vereinen gestaltet. Auch der Gesangverein geh\u00f6rte dazu und war auf der Marktplatzb\u00fchne zu h\u00f6ren. Quelle und Bild: Butzbacher Zeitung vom 20. Dezember 2004<\/p>\n","protected":false},"author":1,"featured_media":0,"comment_status":"closed","ping_status":"open","sticky":false,"template":"","format":"standard","meta":{"footnotes":""},"categories":[1],"tags":[],"class_list":["post-17362","post","type-post","status-publish","format-standard","hentry","category-infos"],"_links":{"self":[{"href":"http:\/\/875jahrekirchgoens.de\/index.php?rest_route=\/wp\/v2\/posts\/17362","targetHints":{"allow":["GET"]}}],"collection":[{"href":"http:\/\/875jahrekirchgoens.de\/index.php?rest_route=\/wp\/v2\/posts"}],"about":[{"href":"http:\/\/875jahrekirchgoens.de\/index.php?rest_route=\/wp\/v2\/types\/post"}],"author":[{"embeddable":true,"href":"http:\/\/875jahrekirchgoens.de\/index.php?rest_route=\/wp\/v2\/users\/1"}],"replies":[{"embeddable":true,"href":"http:\/\/875jahrekirchgoens.de\/index.php?rest_route=%2Fwp%2Fv2%2Fcomments&post=17362"}],"version-history":[{"count":1,"href":"http:\/\/875jahrekirchgoens.de\/index.php?rest_route=\/wp\/v2\/posts\/17362\/revisions"}],"predecessor-version":[{"id":17364,"href":"http:\/\/875jahrekirchgoens.de\/index.php?rest_route=\/wp\/v2\/posts\/17362\/revisions\/17364"}],"wp:attachment":[{"href":"http:\/\/875jahrekirchgoens.de\/index.php?rest_route=%2Fwp%2Fv2%2Fmedia&parent=17362"}],"wp:term":[{"taxonomy":"category","embeddable":true,"href":"http:\/\/875jahrekirchgoens.de\/index.php?rest_route=%2Fwp%2Fv2%2Fcategories&post=17362"},{"taxonomy":"post_tag","embeddable":true,"href":"http:\/\/875jahrekirchgoens.de\/index.php?rest_route=%2Fwp%2Fv2%2Ftags&post=17362"}],"curies":[{"name":"wp","href":"https:\/\/api.w.org\/{rel}","templated":true}]}}