{"id":17366,"date":"2005-01-02T11:59:00","date_gmt":"2005-01-02T11:59:00","guid":{"rendered":"https:\/\/875jahrekirchgoens.de\/?p=17366"},"modified":"2025-11-17T12:00:07","modified_gmt":"2025-11-17T12:00:07","slug":"ingeborg-festner-und-frank-will-gewannen","status":"publish","type":"post","link":"http:\/\/875jahrekirchgoens.de\/?p=17366","title":{"rendered":"Ingeborg Festner und Frank Will gewannen"},"content":{"rendered":"\n<p>Ein spannendes Finalschie\u00dfen bot der Kirch-G\u00f6nser Sch\u00fctzenverein bei seinem Jahresschie\u00dfen. \u00dcberraschend dabei: Das so genannte schwache Geschlecht, die teilnehmenden Damen, zeigten bessere Leistungen als die Herren. Mit dem Luftgewehr waren zehn Finalsch\u00fcsse auf 10m Entfernung abzugeben. F\u00fcr jeden Schuss stand eine Minute Zeit zur Verf\u00fcgung. Bei den Damen zeigte Ingeborg Festner hierbei die st\u00e4rksten Nerven, hatte das ruhigste H\u00e4ndchen und siegte mit 80,8 Ringen. Bei den Herren gewann Frank Will das Finalschie\u00dfen mit 78,9Ringen. Die Siegerehrung des Kirch-G\u00f6nser Jahresschie\u00dfens findet am morgigen Sonntag im Verlauf des Neujahrempfanges in der Sch\u00fctzenhalle statt, welches um 10.00 Uhr beginnt. Das Foto zeigt den 1. Vorsitzenden Hagen Heinz (1.) mit den Einzelsiegern des Jahresschie\u00dfens Ingeborg Festner und Frank Will.<\/p>\n\n\n<div class=\"wp-block-image\">\n<figure class=\"aligncenter size-full\"><img loading=\"lazy\" decoding=\"async\" width=\"512\" height=\"369\" src=\"https:\/\/875jahrekirchgoens.de\/wp-content\/uploads\/2025\/11\/grafik-199.png\" alt=\"\" class=\"wp-image-17367\" srcset=\"http:\/\/875jahrekirchgoens.de\/wp-content\/uploads\/2025\/11\/grafik-199.png 512w, http:\/\/875jahrekirchgoens.de\/wp-content\/uploads\/2025\/11\/grafik-199-300x216.png 300w\" sizes=\"auto, (max-width: 512px) 100vw, 512px\" \/><\/figure><\/div>\n\n\n<p>Quelle und Bild: Butzbacher Zeitung Anfang Januar 2005<\/p>\n","protected":false},"excerpt":{"rendered":"<p>Ein spannendes Finalschie\u00dfen bot der Kirch-G\u00f6nser Sch\u00fctzenverein bei seinem Jahresschie\u00dfen. \u00dcberraschend dabei: Das so genannte schwache Geschlecht, die teilnehmenden Damen, zeigten bessere Leistungen als die Herren. Mit dem Luftgewehr waren zehn Finalsch\u00fcsse auf 10m Entfernung abzugeben. F\u00fcr jeden Schuss stand eine Minute Zeit zur Verf\u00fcgung. Bei den Damen zeigte Ingeborg Festner hierbei die st\u00e4rksten Nerven, &#8230; <a title=\"Ingeborg Festner und Frank Will gewannen\" class=\"read-more\" href=\"http:\/\/875jahrekirchgoens.de\/?p=17366\" aria-label=\"Mehr Informationen \u00fcber Ingeborg Festner und Frank Will gewannen\">Weiterlesen<\/a><\/p>\n","protected":false},"author":1,"featured_media":0,"comment_status":"closed","ping_status":"open","sticky":false,"template":"","format":"standard","meta":{"footnotes":""},"categories":[1],"tags":[],"class_list":["post-17366","post","type-post","status-publish","format-standard","hentry","category-infos"],"_links":{"self":[{"href":"http:\/\/875jahrekirchgoens.de\/index.php?rest_route=\/wp\/v2\/posts\/17366","targetHints":{"allow":["GET"]}}],"collection":[{"href":"http:\/\/875jahrekirchgoens.de\/index.php?rest_route=\/wp\/v2\/posts"}],"about":[{"href":"http:\/\/875jahrekirchgoens.de\/index.php?rest_route=\/wp\/v2\/types\/post"}],"author":[{"embeddable":true,"href":"http:\/\/875jahrekirchgoens.de\/index.php?rest_route=\/wp\/v2\/users\/1"}],"replies":[{"embeddable":true,"href":"http:\/\/875jahrekirchgoens.de\/index.php?rest_route=%2Fwp%2Fv2%2Fcomments&post=17366"}],"version-history":[{"count":1,"href":"http:\/\/875jahrekirchgoens.de\/index.php?rest_route=\/wp\/v2\/posts\/17366\/revisions"}],"predecessor-version":[{"id":17368,"href":"http:\/\/875jahrekirchgoens.de\/index.php?rest_route=\/wp\/v2\/posts\/17366\/revisions\/17368"}],"wp:attachment":[{"href":"http:\/\/875jahrekirchgoens.de\/index.php?rest_route=%2Fwp%2Fv2%2Fmedia&parent=17366"}],"wp:term":[{"taxonomy":"category","embeddable":true,"href":"http:\/\/875jahrekirchgoens.de\/index.php?rest_route=%2Fwp%2Fv2%2Fcategories&post=17366"},{"taxonomy":"post_tag","embeddable":true,"href":"http:\/\/875jahrekirchgoens.de\/index.php?rest_route=%2Fwp%2Fv2%2Ftags&post=17366"}],"curies":[{"name":"wp","href":"https:\/\/api.w.org\/{rel}","templated":true}]}}