{"id":17381,"date":"2005-02-19T12:23:00","date_gmt":"2005-02-19T12:23:00","guid":{"rendered":"https:\/\/875jahrekirchgoens.de\/?p=17381"},"modified":"2025-11-17T12:24:09","modified_gmt":"2025-11-17T12:24:09","slug":"liederkranz-pohl-goens-erhielt-den-kulturpreis-der-stadt-butzbach","status":"publish","type":"post","link":"http:\/\/875jahrekirchgoens.de\/?p=17381","title":{"rendered":"Liederkranz Pohl-G\u00f6ns erhielt den Kulturpreis der Stadt Butzbach"},"content":{"rendered":"\n<p><em>Pr\u00e4sident des Hessischen S\u00e4ngerbundes, Gerd J\u00fcrgen Raach, hielt die Laudatio<\/em><\/p>\n\n\n\n<p>Der Kulturpreistr\u00e4ger 2004 der Stadt Butzbach hei\u00dft Gesangverein \u201eLiederkranz\u201c 1879 Pohl-G\u00f6ns. Nach der Akkordeongruppe Stolz (Nieder-Weisel) im jahr 2000, der Laienspielschar 1947 Ebersg\u00f6ns, dem Gesangverein 1838 Butzbach und dem Musikverein 1930 Hoch-Weisel geht der f\u00fcnfte Kulturpreis in den Butzbacher Norden. Stolz nahm die Vereinsvorsitzende Elke Binzer am Mittwochabend in der vollbesetzten Wendelinskapelle die von der Butzbacher K\u00fcnstlerin Anne Ahlert als Unikat geschaffene Preistroph\u00e4e \u201eGoldene Hand\u201c von B\u00fcrgermeister Oswin Veith entgegen.<\/p>\n\n\n<div class=\"wp-block-image\">\n<figure class=\"aligncenter size-full\"><img loading=\"lazy\" decoding=\"async\" width=\"512\" height=\"372\" src=\"https:\/\/875jahrekirchgoens.de\/wp-content\/uploads\/2025\/11\/grafik-202.png\" alt=\"\" class=\"wp-image-17382\" srcset=\"http:\/\/875jahrekirchgoens.de\/wp-content\/uploads\/2025\/11\/grafik-202.png 512w, http:\/\/875jahrekirchgoens.de\/wp-content\/uploads\/2025\/11\/grafik-202-300x218.png 300w\" sizes=\"auto, (max-width: 512px) 100vw, 512px\" \/><\/figure><\/div>\n\n\n<p class=\"has-text-align-center\">Unter anderem wurde auch wieder ein Sonderpreis verliehen. Er ging an den Heimat- und Backhausverein Kirch-G\u00f6ns, dessen Vorsitzender G\u00fcnter Weber die Urkunde entgegennahm. Auch diese \u00dcberreichung war mit einer Laudation verbunden. Sie hielt Pfarrer William Thum (Pohl-G\u00f6ns\/Kirch-G\u00f6ns), der beiden Vereinen als Mitglied und Aktiver eng verbunden ist.<\/p>\n\n\n\n<p>Am Schluss seiner Laudatio auf den Heimat- und Backhausverein bei der \u00dcberreichung des Sonderpreises des Kulturpeises machte Pfarrer William Thum eines Nachdenkens werte Anregung. Er empfahl den Vereinsaktiven, gerade den jungen Menschen in der heimischen Region einen Sprachkurs in H\u00fcttenberger Dialekt anzubieten. Anderswo in Deutschland, etwa in Bayern und Baden\u00adW\u00fcrttemberg, sei es ganz selbstverst\u00e4ndlich, dass gerade\u00b7die jungen Leute etwas von der Urspr\u00fcnglichen Sprache ihrer Region mitbek\u00e4men. Denn in der Sprache dr\u00fccke sich ja auch so etwas wie das Lebensgef\u00fchl und die Lebensart eines Ortes aus. Ihm gefalle die Lebensart und die Sprache in Kirch-G\u00f6ns und Pohl-G\u00f6ns sehr gut. Man k\u00f6nne sie gut in einem der gereimten Werke des oberbessischen Mundartpoeten Karl Brodh\u00e4cker wieder\u00b7finden. Das Gedicht hie\u00df ,,De annere!&#8220; und wurde zum gro\u00dfen Am\u00fcsement des Publikums von Thum rezitiert: ,.De Willem Schmidt von Eichelhaa dad gern die Leut ve-uze und jeden Mensch vo fern und nah, den dad der Willem duze. Dem Lehrer Jost hat h\u00e4 vez\u00e4hlt Es kostet maich zwoar Mih, do gitts zwaa Mensche off de Welt, zou dene sag \u00a0aich ,,Sie&#8220;. De aane<strong> <\/strong>es de Pfarrer Rau, de anner best Dou!&#8220;<\/p>\n\n\n\n<p>Quelle und Bild: Butzbacher Zeitung vom 19. Februar 2005<\/p>\n","protected":false},"excerpt":{"rendered":"<p>Pr\u00e4sident des Hessischen S\u00e4ngerbundes, Gerd J\u00fcrgen Raach, hielt die Laudatio Der Kulturpreistr\u00e4ger 2004 der Stadt Butzbach hei\u00dft Gesangverein \u201eLiederkranz\u201c 1879 Pohl-G\u00f6ns. Nach der Akkordeongruppe Stolz (Nieder-Weisel) im jahr 2000, der Laienspielschar 1947 Ebersg\u00f6ns, dem Gesangverein 1838 Butzbach und dem Musikverein 1930 Hoch-Weisel geht der f\u00fcnfte Kulturpreis in den Butzbacher Norden. Stolz nahm die Vereinsvorsitzende Elke &#8230; <a title=\"Liederkranz Pohl-G\u00f6ns erhielt den Kulturpreis der Stadt Butzbach\" class=\"read-more\" href=\"http:\/\/875jahrekirchgoens.de\/?p=17381\" aria-label=\"Mehr Informationen \u00fcber Liederkranz Pohl-G\u00f6ns erhielt den Kulturpreis der Stadt Butzbach\">Weiterlesen<\/a><\/p>\n","protected":false},"author":1,"featured_media":0,"comment_status":"closed","ping_status":"open","sticky":false,"template":"","format":"standard","meta":{"footnotes":""},"categories":[1],"tags":[],"class_list":["post-17381","post","type-post","status-publish","format-standard","hentry","category-infos"],"_links":{"self":[{"href":"http:\/\/875jahrekirchgoens.de\/index.php?rest_route=\/wp\/v2\/posts\/17381","targetHints":{"allow":["GET"]}}],"collection":[{"href":"http:\/\/875jahrekirchgoens.de\/index.php?rest_route=\/wp\/v2\/posts"}],"about":[{"href":"http:\/\/875jahrekirchgoens.de\/index.php?rest_route=\/wp\/v2\/types\/post"}],"author":[{"embeddable":true,"href":"http:\/\/875jahrekirchgoens.de\/index.php?rest_route=\/wp\/v2\/users\/1"}],"replies":[{"embeddable":true,"href":"http:\/\/875jahrekirchgoens.de\/index.php?rest_route=%2Fwp%2Fv2%2Fcomments&post=17381"}],"version-history":[{"count":1,"href":"http:\/\/875jahrekirchgoens.de\/index.php?rest_route=\/wp\/v2\/posts\/17381\/revisions"}],"predecessor-version":[{"id":17383,"href":"http:\/\/875jahrekirchgoens.de\/index.php?rest_route=\/wp\/v2\/posts\/17381\/revisions\/17383"}],"wp:attachment":[{"href":"http:\/\/875jahrekirchgoens.de\/index.php?rest_route=%2Fwp%2Fv2%2Fmedia&parent=17381"}],"wp:term":[{"taxonomy":"category","embeddable":true,"href":"http:\/\/875jahrekirchgoens.de\/index.php?rest_route=%2Fwp%2Fv2%2Fcategories&post=17381"},{"taxonomy":"post_tag","embeddable":true,"href":"http:\/\/875jahrekirchgoens.de\/index.php?rest_route=%2Fwp%2Fv2%2Ftags&post=17381"}],"curies":[{"name":"wp","href":"https:\/\/api.w.org\/{rel}","templated":true}]}}