{"id":17385,"date":"2005-03-22T12:26:00","date_gmt":"2005-03-22T12:26:00","guid":{"rendered":"https:\/\/875jahrekirchgoens.de\/?p=17385"},"modified":"2025-11-17T12:28:28","modified_gmt":"2025-11-17T12:28:28","slug":"jugendliche-machten-sich-wieder-rar","status":"publish","type":"post","link":"http:\/\/875jahrekirchgoens.de\/?p=17385","title":{"rendered":"Jugendliche machten sich wieder rar"},"content":{"rendered":"\n<p><em>Drei neue Ehrenmitglieder im Gesangverein \/ R\u00fcckblick auf arbeitsreiches Jahr<\/em><\/p>\n\n\n\n<p>Mit einem Gru\u00df an den anwesenden Ehrendirigenten Ewald R\u00f6hrig er\u00f6ffnete der 1. Vorsitzende Peter B. Braasch die Jahreshauptversammlung des Gesangsvereins 1862 Kirch-G\u00f6ns. Im Saal der Gastst\u00e4tte Maiwald hatten sich zur Jahresr\u00fcckschau zahlreiche Mitglieder eingefunden. Entschuldigt war Dirigentin Daniela Schneider wegen einer Fortbildung. Die Totenehrung galt dem im Januar verstorbenen Mitglied Hans Myroniuk. In seinem Jahresbericht ging der 1. Vorsitzende auf die wichtigsten Daten im Vereinsleben der letzten zw\u00f6lf Monate ein. Am 7. Januar 2004 habe man in geselliger Runde die erste Singstunde im neuen Jahr abgehalten. Das beliebte Schlachtfest im B\u00fcrgerhaus wurde am 24. Januar 2024 veranstaltet. Das Heringsessen fand am Aschermittwoch im S\u00e4ngerheim statt. Nach der Jahreshauptversammlung am 19. M\u00e4rz in der Gastst\u00e4tte \u201eKegelbahn\u201c folgte die Teilnahme am Freundschaftssingen in Pohl-G\u00f6ns. Im April freuten sich die Aktiven \u00fcber Zuwachs, die die Freude sollte nur kurz w\u00e4hren. Denn die jungen Leute, die sich in der Singstunde sehen lie\u00dfen, blieben wieder weg. Nach dem Bundeswertungssingen in Dornholzhausen gestaltete der Gesangverein das musikalische Rahmenprogramm bei der Einweihung des neuen evangelischen Gemeindehauses Kirch-G\u00f6ns. Gesungen wurde auch beim Jubil\u00e4um des Sch\u00e4ferhundevereins. Beim S\u00e4ngerfest in Pohl-G\u00f6ns trat der Chor unter der Leitung von Hans Ilge auf. Ferner unterst\u00fctzte man mit zwei Liedvortr\u00e4gen die Jubil\u00e4umsfeier der Jugendfeuerwehr Kirch-G\u00f6ns. Im Sommer gab es ein Hochzeitsst\u00e4ndchen, einen Auftritt beim Sommerfest des Alten- und Pflegeheims \u201eRosengarten\u201c, die Teilnahme am Freundschaftssingen in Dornholzhausen, das Scheunenfest beim 1. Vorsitzenden und den Mundartgottesdienst anl\u00e4sslich des Backhausfestes. Danach folgte im Oktober der H\u00f6hepunkt der Vereinsaktivit\u00e4ten, der Ausflug nach Th\u00fcringen. Wie alle Jahre zuvor war die Adventszeit mit Gesangsauftritten gef\u00fcllt, unter anderem mit dem Adventssingen in der Kirche oder beim Seniorennachmittag der Stadt, der Weihnachtsfeier im \u201eRosengarten\u201c oder \u00d6ffnung des Kirch-G\u00f6nser Fensters am Rathaus-Adventskalender in Butzbach. Nicht nur die Weihnachtslieder gefielen dem Publikum, auch die vom Verein angebotene Feuerzangenbowle und die \u201eGeelen Schnirren\u201c. Die letzte Singstunde des Jahres fand am 22. Dezember in gem\u00fctlicher Runde statt. Das S\u00e4ngerjahr wurde mit dem Weihnachtssingen in der Kirch-G\u00f6nser Kirche abgeschlossen. Braasch dankte allen Helferinnen und Helfern, die bei den unterschiedlichsten Veranstaltungen tatkr\u00e4ftig mitangepackt hatten und insbesondere dem Vize-Dirigenten Hans Ilge. Insgesamt gab es 41 Singstunden. Auf den Kassenbericht von Schatzmeisterin Elke Weber folgten der Revisionsbericht und die einstimmige Entlastung des Vorstandes. Neue Kassenpr\u00fcferinnen wurden Ute Maiwald und Lisa Bunfill. Geehrt wurden die flei\u00dfigsten Singstunden-Besucherinnen. Nur einmal hatte Liesel Raith gefehlt, zweimal fehlte Leni Braasch, Heike Bunfill, Erika Knorz und Elli Mader. Nach 25 Jahren Mitgliedschaft wurden Wilfried H\u00f6hst und Volker Wagner mit der Vereinsnadel geehrt. Ehrenmitglieder wurden Emmi Eckhard, Gerda Eckhard und Erwin Mohr. Ihnen allen dankte Braasch f\u00fcr die Treue zum Gesangverein, um abschlie\u00dfend auf wichtige Termine hinzuweisen. Das Bundeswertungssingen findet am 16. April in Watzenborn-Steinberg statt, das Festwochenende des TV Frisch auf Pohl-G\u00f6ns vom 1. bis 4. Juli, das Scheunenfest beim 1. Vorsitzenden am 19. August und das Kirch-G\u00f6nser Backhausfest am 28. August. Eine Vereinsfahrt an die Mosel gibt es am 9. Oktober, und f\u00fcr den 15. Oktober ist ein ganz besonderes Singen angesagt.<\/p>\n\n\n<div class=\"wp-block-image\">\n<figure class=\"aligncenter size-full\"><img loading=\"lazy\" decoding=\"async\" width=\"512\" height=\"335\" src=\"https:\/\/875jahrekirchgoens.de\/wp-content\/uploads\/2025\/11\/grafik-203.png\" alt=\"\" class=\"wp-image-17386\" srcset=\"http:\/\/875jahrekirchgoens.de\/wp-content\/uploads\/2025\/11\/grafik-203.png 512w, http:\/\/875jahrekirchgoens.de\/wp-content\/uploads\/2025\/11\/grafik-203-300x196.png 300w\" sizes=\"auto, (max-width: 512px) 100vw, 512px\" \/><\/figure><\/div>\n\n\n<p class=\"has-text-align-center\">In der Jahreshauptversammlung des Gesangvereins 1862 Kirch-G\u00f6ns zeichnete der 1. Vorsitzende Peter B. Braasch (hinten) <br>eine Reihe von Mitgliedern aus. 25 Jahre aktiv dabei ist Volker Wagner (Mitte). Zu den flei\u00dfigsten <br>Singstundenbesucherinnen z\u00e4hlten Heike Bunfill (l.) und Leni Braasch (r.).<\/p>\n\n\n\n<p>Quelle und Bild: Butzbacher Zeitung vom 22. M\u00e4rz 2005<\/p>\n","protected":false},"excerpt":{"rendered":"<p>Drei neue Ehrenmitglieder im Gesangverein \/ R\u00fcckblick auf arbeitsreiches Jahr Mit einem Gru\u00df an den anwesenden Ehrendirigenten Ewald R\u00f6hrig er\u00f6ffnete der 1. Vorsitzende Peter B. Braasch die Jahreshauptversammlung des Gesangsvereins 1862 Kirch-G\u00f6ns. Im Saal der Gastst\u00e4tte Maiwald hatten sich zur Jahresr\u00fcckschau zahlreiche Mitglieder eingefunden. Entschuldigt war Dirigentin Daniela Schneider wegen einer Fortbildung. Die Totenehrung galt &#8230; <a title=\"Jugendliche machten sich wieder rar\" class=\"read-more\" href=\"http:\/\/875jahrekirchgoens.de\/?p=17385\" aria-label=\"Mehr Informationen \u00fcber Jugendliche machten sich wieder rar\">Weiterlesen<\/a><\/p>\n","protected":false},"author":1,"featured_media":0,"comment_status":"closed","ping_status":"open","sticky":false,"template":"","format":"standard","meta":{"footnotes":""},"categories":[1],"tags":[],"class_list":["post-17385","post","type-post","status-publish","format-standard","hentry","category-infos"],"_links":{"self":[{"href":"http:\/\/875jahrekirchgoens.de\/index.php?rest_route=\/wp\/v2\/posts\/17385","targetHints":{"allow":["GET"]}}],"collection":[{"href":"http:\/\/875jahrekirchgoens.de\/index.php?rest_route=\/wp\/v2\/posts"}],"about":[{"href":"http:\/\/875jahrekirchgoens.de\/index.php?rest_route=\/wp\/v2\/types\/post"}],"author":[{"embeddable":true,"href":"http:\/\/875jahrekirchgoens.de\/index.php?rest_route=\/wp\/v2\/users\/1"}],"replies":[{"embeddable":true,"href":"http:\/\/875jahrekirchgoens.de\/index.php?rest_route=%2Fwp%2Fv2%2Fcomments&post=17385"}],"version-history":[{"count":1,"href":"http:\/\/875jahrekirchgoens.de\/index.php?rest_route=\/wp\/v2\/posts\/17385\/revisions"}],"predecessor-version":[{"id":17387,"href":"http:\/\/875jahrekirchgoens.de\/index.php?rest_route=\/wp\/v2\/posts\/17385\/revisions\/17387"}],"wp:attachment":[{"href":"http:\/\/875jahrekirchgoens.de\/index.php?rest_route=%2Fwp%2Fv2%2Fmedia&parent=17385"}],"wp:term":[{"taxonomy":"category","embeddable":true,"href":"http:\/\/875jahrekirchgoens.de\/index.php?rest_route=%2Fwp%2Fv2%2Fcategories&post=17385"},{"taxonomy":"post_tag","embeddable":true,"href":"http:\/\/875jahrekirchgoens.de\/index.php?rest_route=%2Fwp%2Fv2%2Ftags&post=17385"}],"curies":[{"name":"wp","href":"https:\/\/api.w.org\/{rel}","templated":true}]}}