{"id":17394,"date":"2005-07-16T12:35:00","date_gmt":"2005-07-16T12:35:00","guid":{"rendered":"https:\/\/875jahrekirchgoens.de\/?p=17394"},"modified":"2025-11-17T12:36:09","modified_gmt":"2025-11-17T12:36:09","slug":"kirch-goens-heute-im-hessen-fernsehen","status":"publish","type":"post","link":"http:\/\/875jahrekirchgoens.de\/?p=17394","title":{"rendered":"Kirch-G\u00f6ns heute im Hessen-Fernsehen"},"content":{"rendered":"\n<p><em>Beitrag f\u00fcr die Reihe \u201eAidA\u201c wurde am Donnerstagabend und Freitag gedreht<\/em><\/p>\n\n\n\n<p>Am Donnerstagabend 19.45 im Hessischen Fernsehen, Hessenschau, wurde Kirch-G\u00f6ns als Teilnehmer der Sendung \u201eAidA\u201c \u2013 Aufbruch in den Alltag gezogen. Anschlie\u00dfend klingelten in den meisten H\u00e4usern die Telefone hei\u00df. Ortsvorsteher Peter Braasch, Vereinsvorsitzende und Mitglieder sowie Kirch-G\u00f6nser Einwohner wurden zum Dorfmittelpunkt an das alte Backhaus gerufen, um den Empfang von Moderator Jens K\u00f6lker und seinem HR-Team vorzubereiten. Zahlreiche Kirch-G\u00f6nser kamen und bereiteten den Fernsehleuten einen begeisterten Empfang. Noch am Donnerstagabend nahm der Kameramann spontane Auftritte vom ehemaligen Fanfaren- und Spielmannszug der Kirch-G\u00f6nser Feuerwehr auf. Die Gruppe \u201eMen in Black\u201c zeigte einen Tanz. Viele Frauen und M\u00e4nner des Heimat- und Backhausvereins waren in H\u00fcttenberger Tracht erschienen. Zu einem gemeinsamen Umtrunk ging es dann in die Hofreite von Gerold Weber, wo zuf\u00e4lligerweise f\u00fcr ein Fest am Wochenende ein Zelt aufgebaut war. Bei Hausmacher Wurst und Schmalzbrot planten dann Moderator Jens K\u00f6lker und Ortsvorsteher Peter Braasch das freit\u00e4gliche Programm. Am Freitagmorgen filmte das Fernsehteam erst die \u00dcberreste der Ayers-Kaserne, zu der Peter Braasch, der in den 50-er Jahren dort stationiert war, einiges zu sagen hatte. In dem heutigen so genannten Magna Park Rhein-Main h\u00fctete Ortssch\u00e4fer Ewald Binzer gerade seine Schafe und konnte zeigen, wie eine Herde zusammengehalten und gef\u00fchrt wird. Bereits in der 12. Generation h\u00fcten Sch\u00e4fer der Familie Binzer Schafe auf dem Gel\u00e4nde, mithin schon jahrhundertelang vor dem Bau der Kaserne. N\u00e4chster Filmtreff war der Kirch-G\u00f6nser Kindergarten, wo eine Gruppe einen Indianertanz um ein Tipi auff\u00fchrte. Dann erz\u00e4hlten die Kinder, welchen indianischen Namen sie sich zugelegt haben. N\u00e4chste Station der Fernsehleute war ein Handballtraining in der Mittelpunktschule \u201eOberer H\u00fcttenberg\u201c. Der erste Kirch-G\u00f6nser mit einem Profi-Handballervertrag, Andreas Lex von der HSG Wetzlar, trainierte mit der Sch\u00fclermannschaft, die k\u00fcrzlich Schul-Hessenmeister geworden war. Das alte Backhaus war der n\u00e4chste Anlaufpunkt in Kirch-G\u00f6ns. Gl\u00fccklicherweise war das Backhaus gerade zum Kuchenbacken angeheizt worden. Vor dem Backhaus zeigte die Tanzgruppe des Heimat- und Backhausvereins in H\u00fcttenberger Tracht mehrere T\u00e4nze. Mit einem Besuch der Zuchtanlage des Kleintierzuchtvereins beendete das Fernsehteam mit Jens V\u00f6lker den Besuch in Kirch-G\u00f6ns. Vereinsvorsitzender Friedel Werner zeigte H\u00fchnerrassen, die auf der roten Liste der vom Aussterben bedrohten Haustiere stehen. Heute Abend werden sicherlich die meisten Kirch-G\u00f6nser vor dem Fernseher sitzen und sich die Hessenschau von 19.30 \u2013 20.00 Uhr anschauen, in der dann auch der Beitrag \u00fcber ihr Dorf zu sehen sein wird. Leider nur sehr kurz, nur die \u00fcblichen etwa 6 \u2013 7 Minuten lang.<\/p>\n\n\n\n<figure class=\"wp-block-image size-full\"><img loading=\"lazy\" decoding=\"async\" width=\"1024\" height=\"335\" src=\"https:\/\/875jahrekirchgoens.de\/wp-content\/uploads\/2025\/11\/grafik-205.png\" alt=\"\" class=\"wp-image-17395\" srcset=\"http:\/\/875jahrekirchgoens.de\/wp-content\/uploads\/2025\/11\/grafik-205.png 1024w, http:\/\/875jahrekirchgoens.de\/wp-content\/uploads\/2025\/11\/grafik-205-300x98.png 300w, http:\/\/875jahrekirchgoens.de\/wp-content\/uploads\/2025\/11\/grafik-205-768x251.png 768w\" sizes=\"auto, (max-width: 1024px) 100vw, 1024px\" \/><\/figure>\n\n\n\n<p>Einen Abend und einen Tag lang filmte ein Team der Hessenschau in Kirch-G\u00f6ns f\u00fcr die Sendung \u201eAidA\u201c (Aufbruch in den Altag), die heute Abend in der Zeit zwischen 19.30 und 20.00 Uhr in Hessen 3 gesendet wird. Aus den D\u00f6rfern, die an der AidA-Reihe teilgenommen haben, wird \u00fcbrigens das \u201eDolle Dorf\u201c ermittelt. Das Foto zeigt oben links den Sch\u00e4fer Ewald Binzer auf dem fr\u00fcheren Gel\u00e4nde der Kirch-G\u00f6nser Ayers-Kaserne und rechts der \u201eFernsehauftritt\u201c der Kindergartenkinder mit einem Indianertanz um ein Tipi.<\/p>\n\n\n\n<p>Quelle und Bilder: Butzbacher Zeitung vom 16. Juli 2005<\/p>\n\n\n\n<p><\/p>\n","protected":false},"excerpt":{"rendered":"<p>Beitrag f\u00fcr die Reihe \u201eAidA\u201c wurde am Donnerstagabend und Freitag gedreht Am Donnerstagabend 19.45 im Hessischen Fernsehen, Hessenschau, wurde Kirch-G\u00f6ns als Teilnehmer der Sendung \u201eAidA\u201c \u2013 Aufbruch in den Alltag gezogen. Anschlie\u00dfend klingelten in den meisten H\u00e4usern die Telefone hei\u00df. Ortsvorsteher Peter Braasch, Vereinsvorsitzende und Mitglieder sowie Kirch-G\u00f6nser Einwohner wurden zum Dorfmittelpunkt an das alte &#8230; <a title=\"Kirch-G\u00f6ns heute im Hessen-Fernsehen\" class=\"read-more\" href=\"http:\/\/875jahrekirchgoens.de\/?p=17394\" aria-label=\"Mehr Informationen \u00fcber Kirch-G\u00f6ns heute im Hessen-Fernsehen\">Weiterlesen<\/a><\/p>\n","protected":false},"author":1,"featured_media":0,"comment_status":"closed","ping_status":"open","sticky":false,"template":"","format":"standard","meta":{"footnotes":""},"categories":[1],"tags":[],"class_list":["post-17394","post","type-post","status-publish","format-standard","hentry","category-infos"],"_links":{"self":[{"href":"http:\/\/875jahrekirchgoens.de\/index.php?rest_route=\/wp\/v2\/posts\/17394","targetHints":{"allow":["GET"]}}],"collection":[{"href":"http:\/\/875jahrekirchgoens.de\/index.php?rest_route=\/wp\/v2\/posts"}],"about":[{"href":"http:\/\/875jahrekirchgoens.de\/index.php?rest_route=\/wp\/v2\/types\/post"}],"author":[{"embeddable":true,"href":"http:\/\/875jahrekirchgoens.de\/index.php?rest_route=\/wp\/v2\/users\/1"}],"replies":[{"embeddable":true,"href":"http:\/\/875jahrekirchgoens.de\/index.php?rest_route=%2Fwp%2Fv2%2Fcomments&post=17394"}],"version-history":[{"count":1,"href":"http:\/\/875jahrekirchgoens.de\/index.php?rest_route=\/wp\/v2\/posts\/17394\/revisions"}],"predecessor-version":[{"id":17397,"href":"http:\/\/875jahrekirchgoens.de\/index.php?rest_route=\/wp\/v2\/posts\/17394\/revisions\/17397"}],"wp:attachment":[{"href":"http:\/\/875jahrekirchgoens.de\/index.php?rest_route=%2Fwp%2Fv2%2Fmedia&parent=17394"}],"wp:term":[{"taxonomy":"category","embeddable":true,"href":"http:\/\/875jahrekirchgoens.de\/index.php?rest_route=%2Fwp%2Fv2%2Fcategories&post=17394"},{"taxonomy":"post_tag","embeddable":true,"href":"http:\/\/875jahrekirchgoens.de\/index.php?rest_route=%2Fwp%2Fv2%2Ftags&post=17394"}],"curies":[{"name":"wp","href":"https:\/\/api.w.org\/{rel}","templated":true}]}}