{"id":17422,"date":"2013-12-03T18:54:00","date_gmt":"2013-12-03T18:54:00","guid":{"rendered":"https:\/\/875jahrekirchgoens.de\/?p=17422"},"modified":"2025-11-17T18:55:21","modified_gmt":"2025-11-17T18:55:21","slug":"koenigswuerde-fuer-ute-moeckel-gunther-mueller","status":"publish","type":"post","link":"http:\/\/875jahrekirchgoens.de\/?p=17422","title":{"rendered":"K\u00f6nigsw\u00fcrde f\u00fcr Ute M\u00f6ckel + Gunther M\u00fcller"},"content":{"rendered":"\n<p>Traditionell im Herbst ist die Zeit des K\u00f6nigsschie\u00dfens im Sch\u00fctzenverein Kirch-G\u00f6ns. Der \u201eK\u00f6nigssonntag\u201c hat in diesem Jahr zwei langj\u00e4hrigen Aktiven besonders Gl\u00fcck gebracht. Sch\u00fctzinnen und Sch\u00fctzen nahmen gleichzeitig und auf parallelen St\u00e4nden die sportliche Jagd auf die K\u00f6nigsw\u00fcrden auf. Die Entscheidungen fielen fast im Minutentakt. Die Damen waren auch in diesem Jahr die treffsichersten, am schnellsten jedoch waren die Jugendlichen. Exakt 155 Sch\u00fcsse waren erforderlich, bis die Troph\u00e4e fiel \u2013 Prinz 2023 wurde Felix Maiwald, der damit zum ersten Mal der K\u00f6nigsfamilie angeh\u00f6rt. Nur wenige Minuten sp\u00e4ter fiel auch die Entscheidung bei den Herren. Nach \u201enur\u201c 157 Sch\u00fcssen und in einer Zeit von exakt f\u00fcnfundsiebzig Minuten wurde das spannende Schie\u00dfen entschieden. Sieger, jetzt bereits zum zweiten Mal und damit Sch\u00fctzenk\u00f6nig 2013 wurde Gunther M\u00fcller mit seinem fulminanten 15. Schuss. Vervollst\u00e4ndigt wird das adlige Trio von Mirco Pierdomenico als 1. Ritter und Kurt Hartig, dem Titelverteidiger, als 2. Ritter. Bei den Damen war nach 142 Sch\u00fcssen die Konkurrenz entschieden. Zum sechsten Mal gewann Ute M\u00f6ckel und wurde damit Sch\u00fctzenk\u00f6nigin 2013 und der Verein hat war wieder einmal ein \u201eechtes\u201c K\u00f6nigspaar. Gl\u00fccklich war auch Ute Maiwald, sie erreichte die W\u00fcrde der Hofdame. Spannend war auch die Entscheidung um den Rudi-Stecher-Pokal f\u00fcr den besten Schuss beim K\u00f6nigsschie\u00dfen. Der Vorsitzende Hagen Heinz und Sch\u00fctzenmeister Christian M\u00fcll zeichneten im Anschluss an die Proklamation den diesj\u00e4hrigen Prinz Felix Maiwald als Sieger mit dem Wanderpokal aus. Nach diesem spannungsvollen Schie\u00dfen und der anschlie\u00dfenden Proklamation der W\u00fcrdentr\u00e4ger wurden die Geehrten von den \u201eSch\u00fctzen-Untertanen\u201c nat\u00fcrlich noch geb\u00fchrend gefeiert.<\/p>\n\n\n<div class=\"wp-block-image\">\n<figure class=\"aligncenter size-full\"><img loading=\"lazy\" decoding=\"async\" width=\"512\" height=\"382\" src=\"https:\/\/875jahrekirchgoens.de\/wp-content\/uploads\/2025\/11\/grafik-213.png\" alt=\"\" class=\"wp-image-17423\" srcset=\"http:\/\/875jahrekirchgoens.de\/wp-content\/uploads\/2025\/11\/grafik-213.png 512w, http:\/\/875jahrekirchgoens.de\/wp-content\/uploads\/2025\/11\/grafik-213-300x224.png 300w\" sizes=\"auto, (max-width: 512px) 100vw, 512px\" \/><\/figure><\/div>\n\n\n<p>Die K\u00f6nigsfamilie 2013 im Sch\u00fctzenverein Kirch-G\u00f6ns (v. l.): Hofdame Ute Maiwald, Prinz und Gewinner des Wanderpokals Felix Maiwald, Sch\u00fctzenk\u00f6nigin Ute M\u00f6ckel, Sch\u00fctzenk\u00f6nig Gunther M\u00fcller, 1. Ritter Mirco Pierdomenico und 2. Ritter Kurt Hartig. <\/p>\n\n\n\n<p>Quelle und Bild: Butzbacher Zeitung vom 3. Dezember 2013<\/p>\n","protected":false},"excerpt":{"rendered":"<p>Traditionell im Herbst ist die Zeit des K\u00f6nigsschie\u00dfens im Sch\u00fctzenverein Kirch-G\u00f6ns. Der \u201eK\u00f6nigssonntag\u201c hat in diesem Jahr zwei langj\u00e4hrigen Aktiven besonders Gl\u00fcck gebracht. Sch\u00fctzinnen und Sch\u00fctzen nahmen gleichzeitig und auf parallelen St\u00e4nden die sportliche Jagd auf die K\u00f6nigsw\u00fcrden auf. Die Entscheidungen fielen fast im Minutentakt. Die Damen waren auch in diesem Jahr die treffsichersten, am &#8230; <a title=\"K\u00f6nigsw\u00fcrde f\u00fcr Ute M\u00f6ckel + Gunther M\u00fcller\" class=\"read-more\" href=\"http:\/\/875jahrekirchgoens.de\/?p=17422\" aria-label=\"Mehr Informationen \u00fcber K\u00f6nigsw\u00fcrde f\u00fcr Ute M\u00f6ckel + Gunther M\u00fcller\">Weiterlesen<\/a><\/p>\n","protected":false},"author":1,"featured_media":0,"comment_status":"closed","ping_status":"open","sticky":false,"template":"","format":"standard","meta":{"footnotes":""},"categories":[1],"tags":[],"class_list":["post-17422","post","type-post","status-publish","format-standard","hentry","category-infos"],"_links":{"self":[{"href":"http:\/\/875jahrekirchgoens.de\/index.php?rest_route=\/wp\/v2\/posts\/17422","targetHints":{"allow":["GET"]}}],"collection":[{"href":"http:\/\/875jahrekirchgoens.de\/index.php?rest_route=\/wp\/v2\/posts"}],"about":[{"href":"http:\/\/875jahrekirchgoens.de\/index.php?rest_route=\/wp\/v2\/types\/post"}],"author":[{"embeddable":true,"href":"http:\/\/875jahrekirchgoens.de\/index.php?rest_route=\/wp\/v2\/users\/1"}],"replies":[{"embeddable":true,"href":"http:\/\/875jahrekirchgoens.de\/index.php?rest_route=%2Fwp%2Fv2%2Fcomments&post=17422"}],"version-history":[{"count":1,"href":"http:\/\/875jahrekirchgoens.de\/index.php?rest_route=\/wp\/v2\/posts\/17422\/revisions"}],"predecessor-version":[{"id":17424,"href":"http:\/\/875jahrekirchgoens.de\/index.php?rest_route=\/wp\/v2\/posts\/17422\/revisions\/17424"}],"wp:attachment":[{"href":"http:\/\/875jahrekirchgoens.de\/index.php?rest_route=%2Fwp%2Fv2%2Fmedia&parent=17422"}],"wp:term":[{"taxonomy":"category","embeddable":true,"href":"http:\/\/875jahrekirchgoens.de\/index.php?rest_route=%2Fwp%2Fv2%2Fcategories&post=17422"},{"taxonomy":"post_tag","embeddable":true,"href":"http:\/\/875jahrekirchgoens.de\/index.php?rest_route=%2Fwp%2Fv2%2Ftags&post=17422"}],"curies":[{"name":"wp","href":"https:\/\/api.w.org\/{rel}","templated":true}]}}