{"id":17454,"date":"2006-04-08T19:42:00","date_gmt":"2006-04-08T19:42:00","guid":{"rendered":"https:\/\/875jahrekirchgoens.de\/?p=17454"},"modified":"2025-11-17T19:44:11","modified_gmt":"2025-11-17T19:44:11","slug":"seniorennachmittag-immer-wieder-beliebt","status":"publish","type":"post","link":"http:\/\/875jahrekirchgoens.de\/?p=17454","title":{"rendered":"Seniorennachmittag immer wieder beliebt"},"content":{"rendered":"\n<p>Im Fr\u00fchjahr freut sich die \u00e4ltere Bev\u00f6lkerung von Kirch-G\u00f6ns auf den \u201eSeniorennachmittag\u201c des Heimat- und Backhausvereins. Auch dieses Mal hie\u00df der 1. Vorsitzender G\u00fcnter Weber wieder eine gro\u00dfe Anzahl von G\u00e4sten, auch aus Pohl-G\u00f6ns, willkommen und lud zu einem gem\u00fctlichen Nachmittag mit frischem Backhauskuchen vom Blech mit hei\u00dfem Kaffee, Trachtentanzvorf\u00fchrungen, \u201eVerz\u00e4hlches\u201c und Gedichten auf H\u00fcttenberger Mundart und anderem mehr ein. Als besondere G\u00e4ste begr\u00fc\u00dfte Weber den Ortsgeistlichen William Thum, dem er noch nachtr\u00e4glich zum runden Geburtstag gratulierte, und den noch amtierenden Ortsvorsteher Peter B. Braasch. Besonders gefielen die Auff\u00fchrungen der von Simone Eckhard und Monika Maiwald betreuten munteren Kindertrachtengruppe. Als Rezitatoren von lustiger heimischer Mundartpoesie bew\u00e4hrten sich Werner R\u00fchl und Erna Weidhase. Bewirtet wurden die G\u00e4ste von Vorstandsfrauen.<\/p>\n\n\n<div class=\"wp-block-image\">\n<figure class=\"aligncenter size-full\"><img loading=\"lazy\" decoding=\"async\" width=\"512\" height=\"366\" src=\"https:\/\/875jahrekirchgoens.de\/wp-content\/uploads\/2025\/11\/grafik-217.png\" alt=\"\" class=\"wp-image-17455\" srcset=\"http:\/\/875jahrekirchgoens.de\/wp-content\/uploads\/2025\/11\/grafik-217.png 512w, http:\/\/875jahrekirchgoens.de\/wp-content\/uploads\/2025\/11\/grafik-217-300x214.png 300w\" sizes=\"auto, (max-width: 512px) 100vw, 512px\" \/><\/figure><\/div>\n\n\n<p>Quelle und Bild: Archiv Heimat- und Backhausverein Kirch-G\u00f6ns vom 8. April 2006<\/p>\n","protected":false},"excerpt":{"rendered":"<p>Im Fr\u00fchjahr freut sich die \u00e4ltere Bev\u00f6lkerung von Kirch-G\u00f6ns auf den \u201eSeniorennachmittag\u201c des Heimat- und Backhausvereins. Auch dieses Mal hie\u00df der 1. Vorsitzender G\u00fcnter Weber wieder eine gro\u00dfe Anzahl von G\u00e4sten, auch aus Pohl-G\u00f6ns, willkommen und lud zu einem gem\u00fctlichen Nachmittag mit frischem Backhauskuchen vom Blech mit hei\u00dfem Kaffee, Trachtentanzvorf\u00fchrungen, \u201eVerz\u00e4hlches\u201c und Gedichten auf H\u00fcttenberger &#8230; <a title=\"Seniorennachmittag immer wieder beliebt\" class=\"read-more\" href=\"http:\/\/875jahrekirchgoens.de\/?p=17454\" aria-label=\"Mehr Informationen \u00fcber Seniorennachmittag immer wieder beliebt\">Weiterlesen<\/a><\/p>\n","protected":false},"author":1,"featured_media":0,"comment_status":"closed","ping_status":"open","sticky":false,"template":"","format":"standard","meta":{"footnotes":""},"categories":[1],"tags":[],"class_list":["post-17454","post","type-post","status-publish","format-standard","hentry","category-infos"],"_links":{"self":[{"href":"http:\/\/875jahrekirchgoens.de\/index.php?rest_route=\/wp\/v2\/posts\/17454","targetHints":{"allow":["GET"]}}],"collection":[{"href":"http:\/\/875jahrekirchgoens.de\/index.php?rest_route=\/wp\/v2\/posts"}],"about":[{"href":"http:\/\/875jahrekirchgoens.de\/index.php?rest_route=\/wp\/v2\/types\/post"}],"author":[{"embeddable":true,"href":"http:\/\/875jahrekirchgoens.de\/index.php?rest_route=\/wp\/v2\/users\/1"}],"replies":[{"embeddable":true,"href":"http:\/\/875jahrekirchgoens.de\/index.php?rest_route=%2Fwp%2Fv2%2Fcomments&post=17454"}],"version-history":[{"count":1,"href":"http:\/\/875jahrekirchgoens.de\/index.php?rest_route=\/wp\/v2\/posts\/17454\/revisions"}],"predecessor-version":[{"id":17456,"href":"http:\/\/875jahrekirchgoens.de\/index.php?rest_route=\/wp\/v2\/posts\/17454\/revisions\/17456"}],"wp:attachment":[{"href":"http:\/\/875jahrekirchgoens.de\/index.php?rest_route=%2Fwp%2Fv2%2Fmedia&parent=17454"}],"wp:term":[{"taxonomy":"category","embeddable":true,"href":"http:\/\/875jahrekirchgoens.de\/index.php?rest_route=%2Fwp%2Fv2%2Fcategories&post=17454"},{"taxonomy":"post_tag","embeddable":true,"href":"http:\/\/875jahrekirchgoens.de\/index.php?rest_route=%2Fwp%2Fv2%2Ftags&post=17454"}],"curies":[{"name":"wp","href":"https:\/\/api.w.org\/{rel}","templated":true}]}}