{"id":17464,"date":"2025-11-17T20:23:54","date_gmt":"2025-11-17T20:23:54","guid":{"rendered":"https:\/\/875jahrekirchgoens.de\/?p=17464"},"modified":"2025-11-17T20:23:54","modified_gmt":"2025-11-17T20:23:54","slug":"urkundenregen-im-jubilaeumsjahr-2","status":"publish","type":"post","link":"http:\/\/875jahrekirchgoens.de\/?p=17464","title":{"rendered":"Urkundenregen im Jubil\u00e4umsjahr"},"content":{"rendered":"\n<p>18 Engagierte aus Kirch-G\u00f6nser Vereinen erhalten Landesehrenbrief<\/p>\n\n\n\n<figure class=\"wp-block-image size-full\"><img loading=\"lazy\" decoding=\"async\" width=\"1024\" height=\"666\" src=\"https:\/\/875jahrekirchgoens.de\/wp-content\/uploads\/2025\/11\/grafik-219.png\" alt=\"\" class=\"wp-image-17465\" srcset=\"http:\/\/875jahrekirchgoens.de\/wp-content\/uploads\/2025\/11\/grafik-219.png 1024w, http:\/\/875jahrekirchgoens.de\/wp-content\/uploads\/2025\/11\/grafik-219-300x195.png 300w, http:\/\/875jahrekirchgoens.de\/wp-content\/uploads\/2025\/11\/grafik-219-768x500.png 768w\" sizes=\"auto, (max-width: 1024px) 100vw, 1024px\" \/><\/figure>\n\n\n\n<p>Kirch-G\u00f6ns (mz). Zum Ende der Jubil\u00e4umsveranstaltungen zum 875-j\u00e4hrigen Bestehen des n\u00f6rdlichsten Stadtteils von Butzbach haben die Organisatoren j\u00fcngst eine besondere Veranstaltung im Kirch-G\u00f6nser B\u00fcrgerhaus begangen. 18 verdiente Mitglieder in \u00f6rtlichen Vereinen wurden mit dem Landesehrenbrief f\u00fcr ihr Engagement ausgezeichnet. Die urspn\u00fcnglich f\u00fcr Mitte Januar angesetzte Veranstaltung musste aufgrund der Bundestagswahl ausgesetzt werden. Im Fr\u00fchjahr 2024 hatte es sich der Werbeausschuss der Kirch-G\u00f6nser Interessengemeinschaft (IG). Federf\u00fchrend Thorsten Metz. zur Aufgabe gemacht. dieses f\u00fcr Kirch-G\u00f6ns bisher einzigartige Event zu planen. Unter dem Motto \u00bbEin Dorf f\u00fcr alle\u00ab beziehungsweise \u00bbKirch-G\u00f6ns ehrt\u00ab wurden die Vorsitzenden der \u2013 \u00f6rtlichen Vereine um Mithilfe zur Benennung verdienter Mitglieder gebeten. Die Antr\u00e4ge auf Landesehrenbriefe wurden Mitte 2024 von der IG an den Magistrat der Stadt Butzbach zur Bearbeitung \u00fcbergeben. Ende November 2024 erhielt man die R\u00fcckmeldung. Welchem Antrag zur Ehrung vom Landrat des Wetteraukreises stattgegeben wurde. Nach dem Empfang im B\u00fcrgerhaus erfolgte nun die Begr\u00fc\u00dfung durch Ortsvorsteher Stefan Euler. Landrat Jan Weckler. B\u00fcrgermeister Sascha Huber und den IG-Vorsitzenden Michael Tiedemann. Im Anschluss erfolgte im Beisein der Vereinsvertreter und der anwesenden Familienangeh\u00f6rigen die Ehrung der Vorgeschlagenen. In einer Pr\u00e4sentation wurde der Werdegang eines jeden in Kurzform vorgestellt.<\/p>\n\n\n\n<p><strong>Bunte Mischung an Vereinen<\/strong><\/p>\n\n\n\n<p>Landrat Weckier \u00fcberreichte unter viel Applaus die Urkunden an Kristina Euler TV Kirch-G\u00f6ns &#8211; 18 Jahre Kassiererin). Steffen H\u00e4user (Freiwillige Feuerwehr &#8211; zw\u00f6lf Jahre Vorsitzender), Hagen Heinz (Sch\u00fctzenverein \u2014 26 Jahre 1. Vorsitzender), Rolf Hillefeld (Sch\u00fctzenverein \u2014 27 Jahre Vorstandst\u00e4tigkeit Schriftf\u00fchrer und 2. Vorsitzender), Christine Kr\u00e4mer (Heimat- und Backhausverein &#8211; 14 Jahre Vorstandst\u00e4tigkeit), Claudia Laiacker (Gesangverein &#8211; zw\u00f6lf Jahre Vorsitzende). Monika Maiwald (Heimat- und Backhausverein &#8211; 16 Jahre 2. Vorsitzende). Markus Mohr (Freiwillige Feuerwehr &#8211; 23 Jahre Vorsitzender). Christian M\u00fcll (Sch\u00fctzenverein &#8211; 29 Jahre Vorstandst\u00e4tigkeit), Gunther M\u00fcller (zehn Jahre 1. und sieben Jahre 2. Vorsitzender), Karsten M\u00fcller (Sch\u00fctzenverein \u2013 14 Jahre 2. Vorsitzender, elf Jahre Kassierer) und Marianne M\u00fcller (Rad- und Wanderclub \u2013 18 Jahre Kassiererin) \u00fcbergeben.<\/p>\n\n\n\n<p><strong>Ehrenamt seit mehr als drei Jahrzehnten<\/strong><\/p>\n\n\n\n<p>Auch J\u00fcrgen R\u00fchl (Gesangverein &#8211; 33 Jahre Schriftf\u00fchrer und vier Jahre 2. Vorsitzender), William Thum (Freiwillige Feuerwehr &#8211; 17 . Jahre Vorstandst\u00e4tigkeit). Michael Tiedemann (Interessengemeischaft Kirch-G\u00f6ns, zw\u00f6lf Jahre Vorsitzender), G\u00fcnter Weber (Heimat- und Backhausverein.- 35 Jahre Vorsitzender) und J\u00f6rg Winter (Freiwillige Feuerwehr acht Jahre stellv. Vorsitzender und 20 Jahre Wehrf\u00fchrer) ehrte der Landrat. Nach den Ehrungen folgten Gru\u00dfworte von B\u00fcrgermeister a. D. Michael Merle und Schirmherr William Thum. IG-Vorsitzender Michael Tiedemann bedankte sich bei den Anwesenden f\u00fcr ihr Engagement und dass noch viele weitere Jahre die ehrenamtlichen T\u00e4tigkeiten ausge\u00fcbt werden und die Interessengemeinschaft der Kirch-G\u00f6nser Vereine gern die Ortsvereine unterst\u00fctzt. Mit der Veranstaltung endeten unter dem Motto: \u00bbEin Dorf f\u00fcr alle\u00ab die Jubil\u00e4umsfeierlichkeiten anl\u00e4sslich des 875-j\u00e4hrigen Bestehens vonKirch-G\u00f6ns.<\/p>\n\n\n\n<p>Quelle Butzbacher Zeitung<\/p>\n","protected":false},"excerpt":{"rendered":"<p>18 Engagierte aus Kirch-G\u00f6nser Vereinen erhalten Landesehrenbrief Kirch-G\u00f6ns (mz). Zum Ende der Jubil\u00e4umsveranstaltungen zum 875-j\u00e4hrigen Bestehen des n\u00f6rdlichsten Stadtteils von Butzbach haben die Organisatoren j\u00fcngst eine besondere Veranstaltung im Kirch-G\u00f6nser B\u00fcrgerhaus begangen. 18 verdiente Mitglieder in \u00f6rtlichen Vereinen wurden mit dem Landesehrenbrief f\u00fcr ihr Engagement ausgezeichnet. Die urspn\u00fcnglich f\u00fcr Mitte Januar angesetzte Veranstaltung musste aufgrund &#8230; <a title=\"Urkundenregen im Jubil\u00e4umsjahr\" class=\"read-more\" href=\"http:\/\/875jahrekirchgoens.de\/?p=17464\" aria-label=\"Mehr Informationen \u00fcber Urkundenregen im Jubil\u00e4umsjahr\">Weiterlesen<\/a><\/p>\n","protected":false},"author":1,"featured_media":0,"comment_status":"closed","ping_status":"open","sticky":false,"template":"","format":"standard","meta":{"footnotes":""},"categories":[1],"tags":[],"class_list":["post-17464","post","type-post","status-publish","format-standard","hentry","category-infos"],"_links":{"self":[{"href":"http:\/\/875jahrekirchgoens.de\/index.php?rest_route=\/wp\/v2\/posts\/17464","targetHints":{"allow":["GET"]}}],"collection":[{"href":"http:\/\/875jahrekirchgoens.de\/index.php?rest_route=\/wp\/v2\/posts"}],"about":[{"href":"http:\/\/875jahrekirchgoens.de\/index.php?rest_route=\/wp\/v2\/types\/post"}],"author":[{"embeddable":true,"href":"http:\/\/875jahrekirchgoens.de\/index.php?rest_route=\/wp\/v2\/users\/1"}],"replies":[{"embeddable":true,"href":"http:\/\/875jahrekirchgoens.de\/index.php?rest_route=%2Fwp%2Fv2%2Fcomments&post=17464"}],"version-history":[{"count":1,"href":"http:\/\/875jahrekirchgoens.de\/index.php?rest_route=\/wp\/v2\/posts\/17464\/revisions"}],"predecessor-version":[{"id":17466,"href":"http:\/\/875jahrekirchgoens.de\/index.php?rest_route=\/wp\/v2\/posts\/17464\/revisions\/17466"}],"wp:attachment":[{"href":"http:\/\/875jahrekirchgoens.de\/index.php?rest_route=%2Fwp%2Fv2%2Fmedia&parent=17464"}],"wp:term":[{"taxonomy":"category","embeddable":true,"href":"http:\/\/875jahrekirchgoens.de\/index.php?rest_route=%2Fwp%2Fv2%2Fcategories&post=17464"},{"taxonomy":"post_tag","embeddable":true,"href":"http:\/\/875jahrekirchgoens.de\/index.php?rest_route=%2Fwp%2Fv2%2Ftags&post=17464"}],"curies":[{"name":"wp","href":"https:\/\/api.w.org\/{rel}","templated":true}]}}