{"id":17480,"date":"2006-08-27T14:18:00","date_gmt":"2006-08-27T14:18:00","guid":{"rendered":"https:\/\/875jahrekirchgoens.de\/?p=17480"},"modified":"2025-11-20T14:19:35","modified_gmt":"2025-11-20T14:19:35","slug":"mit-einem-ps-fuhr-pfarrer-william-thum","status":"publish","type":"post","link":"http:\/\/875jahrekirchgoens.de\/?p=17480","title":{"rendered":"Mit einem PS fuhr Pfarrer William Thum \u2026"},"content":{"rendered":"<div class=\"wp-block-image\">\n<figure class=\"aligncenter size-full\"><img loading=\"lazy\" decoding=\"async\" width=\"512\" height=\"402\" src=\"https:\/\/875jahrekirchgoens.de\/wp-content\/uploads\/2025\/11\/grafik-223.png\" alt=\"\" class=\"wp-image-17481\" srcset=\"http:\/\/875jahrekirchgoens.de\/wp-content\/uploads\/2025\/11\/grafik-223.png 512w, http:\/\/875jahrekirchgoens.de\/wp-content\/uploads\/2025\/11\/grafik-223-300x236.png 300w\" sizes=\"auto, (max-width: 512px) 100vw, 512px\" \/><\/figure><\/div>\n\n\n<p>\u2026 zum Pferdekutschen-Gottesdienst des Kirch-G\u00f6nser Heimat- und Backhausvereins. Willi Br\u00fcckel und Stephanie Thum aus Pohl-G\u00f6ns kutschierten Thum von seiner Wohnung bis ans Kirch-G\u00f6nser Backhaus, wo unter der Dorflinde der Gottesdienst stattfand. Quelle und <\/p>\n\n\n\n<p>Bild: Archiv Heimat- und Backhausverein KG vom 27. August 2006<\/p>\n","protected":false},"excerpt":{"rendered":"<p>\u2026 zum Pferdekutschen-Gottesdienst des Kirch-G\u00f6nser Heimat- und Backhausvereins. Willi Br\u00fcckel und Stephanie Thum aus Pohl-G\u00f6ns kutschierten Thum von seiner Wohnung bis ans Kirch-G\u00f6nser Backhaus, wo unter der Dorflinde der Gottesdienst stattfand. Quelle und Bild: Archiv Heimat- und Backhausverein KG vom 27. August 2006<\/p>\n","protected":false},"author":1,"featured_media":0,"comment_status":"closed","ping_status":"open","sticky":false,"template":"","format":"standard","meta":{"footnotes":""},"categories":[1],"tags":[],"class_list":["post-17480","post","type-post","status-publish","format-standard","hentry","category-infos"],"_links":{"self":[{"href":"http:\/\/875jahrekirchgoens.de\/index.php?rest_route=\/wp\/v2\/posts\/17480","targetHints":{"allow":["GET"]}}],"collection":[{"href":"http:\/\/875jahrekirchgoens.de\/index.php?rest_route=\/wp\/v2\/posts"}],"about":[{"href":"http:\/\/875jahrekirchgoens.de\/index.php?rest_route=\/wp\/v2\/types\/post"}],"author":[{"embeddable":true,"href":"http:\/\/875jahrekirchgoens.de\/index.php?rest_route=\/wp\/v2\/users\/1"}],"replies":[{"embeddable":true,"href":"http:\/\/875jahrekirchgoens.de\/index.php?rest_route=%2Fwp%2Fv2%2Fcomments&post=17480"}],"version-history":[{"count":1,"href":"http:\/\/875jahrekirchgoens.de\/index.php?rest_route=\/wp\/v2\/posts\/17480\/revisions"}],"predecessor-version":[{"id":17482,"href":"http:\/\/875jahrekirchgoens.de\/index.php?rest_route=\/wp\/v2\/posts\/17480\/revisions\/17482"}],"wp:attachment":[{"href":"http:\/\/875jahrekirchgoens.de\/index.php?rest_route=%2Fwp%2Fv2%2Fmedia&parent=17480"}],"wp:term":[{"taxonomy":"category","embeddable":true,"href":"http:\/\/875jahrekirchgoens.de\/index.php?rest_route=%2Fwp%2Fv2%2Fcategories&post=17480"},{"taxonomy":"post_tag","embeddable":true,"href":"http:\/\/875jahrekirchgoens.de\/index.php?rest_route=%2Fwp%2Fv2%2Ftags&post=17480"}],"curies":[{"name":"wp","href":"https:\/\/api.w.org\/{rel}","templated":true}]}}