{"id":17484,"date":"2006-09-01T14:21:00","date_gmt":"2006-09-01T14:21:00","guid":{"rendered":"https:\/\/875jahrekirchgoens.de\/?p=17484"},"modified":"2025-11-20T14:22:42","modified_gmt":"2025-11-20T14:22:42","slug":"segnung-der-kinder-zum-schulanfang","status":"publish","type":"post","link":"http:\/\/875jahrekirchgoens.de\/?p=17484","title":{"rendered":"Segnung der Kinder zum Schulanfang"},"content":{"rendered":"\n<p>In zwei Schulgottesdiensten wurden Kinder und Lehrerinnen der MPS Oberer H\u00fcttenberg in Kirch-G\u00f6ns f\u00fcr das kommende Schuljahr gesegnet. Am vergangenen Montag waren die Kinder der Klassen 2- 4 in der Pohl-G\u00f6nser Kirche und erlebten einen furiosen Auftritt des als Clown verkleideten Pfarrers William Thum. In einem Anspiel erfuhren sie, was man alles mit seinen H\u00e4nden machen kann und dass es besonders sch\u00f6n ist, wenn mit den H\u00e4nden Gutes und Heilendes getan wird.<\/p>\n\n\n<div class=\"wp-block-image\">\n<figure class=\"aligncenter size-full\"><img loading=\"lazy\" decoding=\"async\" width=\"512\" height=\"372\" src=\"https:\/\/875jahrekirchgoens.de\/wp-content\/uploads\/2025\/11\/grafik-224.png\" alt=\"\" class=\"wp-image-17485\" srcset=\"http:\/\/875jahrekirchgoens.de\/wp-content\/uploads\/2025\/11\/grafik-224.png 512w, http:\/\/875jahrekirchgoens.de\/wp-content\/uploads\/2025\/11\/grafik-224-300x218.png 300w\" sizes=\"auto, (max-width: 512px) 100vw, 512px\" \/><\/figure><\/div>\n\n\n<p>W\u00e4hrend des Gottesdienstes wurden dann alle Kinder und auch die Lehrerinnen von Pfarrer Thum und der Lehrerin Monika R\u00fchl gesegnet. Am Dienstag kamen dann die Schulanf\u00e4nger mit ihren Familien, den Lehrerinnen und Rektor Egon Fritz in die Kirche. Dort konnte Pfarrer Thum auch eine Abordnung von Erzieherinnen der Kindertagesst\u00e4tte \u201eSonnenschein\u201c in Pohl-G\u00f6ns begr\u00fc\u00dfen. Mit Hilfe der Puppe Eulalia erfuhren die Kinder und Gottesdienstbesucher, dass unter dem Segen Gottes Menschen besser und liebevoller miteinander umgehen. Auch in diesem Gottesdienst wurden die Kinder gesegnet und bekamen sp\u00e4ter auch noch einen Schutzengel geschenkt.<\/p>\n\n\n\n<p>Quelle und Bild: Butzbacher Zeitung vom 1. September 2006<\/p>\n","protected":false},"excerpt":{"rendered":"<p>In zwei Schulgottesdiensten wurden Kinder und Lehrerinnen der MPS Oberer H\u00fcttenberg in Kirch-G\u00f6ns f\u00fcr das kommende Schuljahr gesegnet. Am vergangenen Montag waren die Kinder der Klassen 2- 4 in der Pohl-G\u00f6nser Kirche und erlebten einen furiosen Auftritt des als Clown verkleideten Pfarrers William Thum. In einem Anspiel erfuhren sie, was man alles mit seinen H\u00e4nden &#8230; <a title=\"Segnung der Kinder zum Schulanfang\" class=\"read-more\" href=\"http:\/\/875jahrekirchgoens.de\/?p=17484\" aria-label=\"Mehr Informationen \u00fcber Segnung der Kinder zum Schulanfang\">Weiterlesen<\/a><\/p>\n","protected":false},"author":1,"featured_media":0,"comment_status":"closed","ping_status":"open","sticky":false,"template":"","format":"standard","meta":{"footnotes":""},"categories":[1],"tags":[],"class_list":["post-17484","post","type-post","status-publish","format-standard","hentry","category-infos"],"_links":{"self":[{"href":"http:\/\/875jahrekirchgoens.de\/index.php?rest_route=\/wp\/v2\/posts\/17484","targetHints":{"allow":["GET"]}}],"collection":[{"href":"http:\/\/875jahrekirchgoens.de\/index.php?rest_route=\/wp\/v2\/posts"}],"about":[{"href":"http:\/\/875jahrekirchgoens.de\/index.php?rest_route=\/wp\/v2\/types\/post"}],"author":[{"embeddable":true,"href":"http:\/\/875jahrekirchgoens.de\/index.php?rest_route=\/wp\/v2\/users\/1"}],"replies":[{"embeddable":true,"href":"http:\/\/875jahrekirchgoens.de\/index.php?rest_route=%2Fwp%2Fv2%2Fcomments&post=17484"}],"version-history":[{"count":1,"href":"http:\/\/875jahrekirchgoens.de\/index.php?rest_route=\/wp\/v2\/posts\/17484\/revisions"}],"predecessor-version":[{"id":17486,"href":"http:\/\/875jahrekirchgoens.de\/index.php?rest_route=\/wp\/v2\/posts\/17484\/revisions\/17486"}],"wp:attachment":[{"href":"http:\/\/875jahrekirchgoens.de\/index.php?rest_route=%2Fwp%2Fv2%2Fmedia&parent=17484"}],"wp:term":[{"taxonomy":"category","embeddable":true,"href":"http:\/\/875jahrekirchgoens.de\/index.php?rest_route=%2Fwp%2Fv2%2Fcategories&post=17484"},{"taxonomy":"post_tag","embeddable":true,"href":"http:\/\/875jahrekirchgoens.de\/index.php?rest_route=%2Fwp%2Fv2%2Ftags&post=17484"}],"curies":[{"name":"wp","href":"https:\/\/api.w.org\/{rel}","templated":true}]}}