{"id":17502,"date":"2007-02-12T14:48:00","date_gmt":"2007-02-12T14:48:00","guid":{"rendered":"https:\/\/875jahrekirchgoens.de\/?p=17502"},"modified":"2025-11-20T14:50:32","modified_gmt":"2025-11-20T14:50:32","slug":"schlachtfest-des-gesangverein-kirch-goens-1862","status":"publish","type":"post","link":"http:\/\/875jahrekirchgoens.de\/?p=17502","title":{"rendered":"Schlachtfest des Gesangverein Kirch-G\u00f6ns 1862"},"content":{"rendered":"\n<figure class=\"wp-block-image size-full\"><img loading=\"lazy\" decoding=\"async\" width=\"1024\" height=\"700\" src=\"https:\/\/875jahrekirchgoens.de\/wp-content\/uploads\/2025\/11\/grafik-230.png\" alt=\"\" class=\"wp-image-17503\" srcset=\"http:\/\/875jahrekirchgoens.de\/wp-content\/uploads\/2025\/11\/grafik-230.png 1024w, http:\/\/875jahrekirchgoens.de\/wp-content\/uploads\/2025\/11\/grafik-230-300x205.png 300w, http:\/\/875jahrekirchgoens.de\/wp-content\/uploads\/2025\/11\/grafik-230-768x525.png 768w\" sizes=\"auto, (max-width: 1024px) 100vw, 1024px\" \/><\/figure>\n\n\n\n<p>Die Freunde eines deftigen Schlachtessen kamen am Samstag auf Ihre Kosten. Der Gesangverein 1862 Kirch-G\u00f6ns hatte zum Schlachtfest in das B\u00fcrgerhaus eingeladen. Bereits zum zehnten Mal fand die gem\u00fctliche Schmauserei statt, f\u00fcr die Nebenerwerbslandwirt Harald Eckhard ein 150 Kilogramm schweres Schwein in seinem Stall gezogen hatte. Das Schlachten wurde unter Mithilfe von Gerhard Eckard in der Metzgerei Kopf besorgt. Am Samstagmittag lie\u00dfen sich die Besucher Hackbraten und Wellfleisch, Bratw\u00fcrstchen und Hausmacher Wurst schmecken. Abends wurden au\u00dferdem Schlachtplatten gereicht, die ebenfalls von Vereinsmitgliedern serviert wurden. Auch Getr\u00e4nke aller Art lie\u00dfen sich die Besucher schmecken, die so manches Wurstpaket auch mit nach Hause nahmen. Quelle und Bilder: <\/p>\n\n\n\n<p>Butzbacher Zeitung vom 12. Februar 2007<\/p>\n","protected":false},"excerpt":{"rendered":"<p>Die Freunde eines deftigen Schlachtessen kamen am Samstag auf Ihre Kosten. Der Gesangverein 1862 Kirch-G\u00f6ns hatte zum Schlachtfest in das B\u00fcrgerhaus eingeladen. Bereits zum zehnten Mal fand die gem\u00fctliche Schmauserei statt, f\u00fcr die Nebenerwerbslandwirt Harald Eckhard ein 150 Kilogramm schweres Schwein in seinem Stall gezogen hatte. Das Schlachten wurde unter Mithilfe von Gerhard Eckard in &#8230; <a title=\"Schlachtfest des Gesangverein Kirch-G\u00f6ns 1862\" class=\"read-more\" href=\"http:\/\/875jahrekirchgoens.de\/?p=17502\" aria-label=\"Mehr Informationen \u00fcber Schlachtfest des Gesangverein Kirch-G\u00f6ns 1862\">Weiterlesen<\/a><\/p>\n","protected":false},"author":1,"featured_media":0,"comment_status":"closed","ping_status":"open","sticky":false,"template":"","format":"standard","meta":{"footnotes":""},"categories":[1],"tags":[],"class_list":["post-17502","post","type-post","status-publish","format-standard","hentry","category-infos"],"_links":{"self":[{"href":"http:\/\/875jahrekirchgoens.de\/index.php?rest_route=\/wp\/v2\/posts\/17502","targetHints":{"allow":["GET"]}}],"collection":[{"href":"http:\/\/875jahrekirchgoens.de\/index.php?rest_route=\/wp\/v2\/posts"}],"about":[{"href":"http:\/\/875jahrekirchgoens.de\/index.php?rest_route=\/wp\/v2\/types\/post"}],"author":[{"embeddable":true,"href":"http:\/\/875jahrekirchgoens.de\/index.php?rest_route=\/wp\/v2\/users\/1"}],"replies":[{"embeddable":true,"href":"http:\/\/875jahrekirchgoens.de\/index.php?rest_route=%2Fwp%2Fv2%2Fcomments&post=17502"}],"version-history":[{"count":1,"href":"http:\/\/875jahrekirchgoens.de\/index.php?rest_route=\/wp\/v2\/posts\/17502\/revisions"}],"predecessor-version":[{"id":17504,"href":"http:\/\/875jahrekirchgoens.de\/index.php?rest_route=\/wp\/v2\/posts\/17502\/revisions\/17504"}],"wp:attachment":[{"href":"http:\/\/875jahrekirchgoens.de\/index.php?rest_route=%2Fwp%2Fv2%2Fmedia&parent=17502"}],"wp:term":[{"taxonomy":"category","embeddable":true,"href":"http:\/\/875jahrekirchgoens.de\/index.php?rest_route=%2Fwp%2Fv2%2Fcategories&post=17502"},{"taxonomy":"post_tag","embeddable":true,"href":"http:\/\/875jahrekirchgoens.de\/index.php?rest_route=%2Fwp%2Fv2%2Ftags&post=17502"}],"curies":[{"name":"wp","href":"https:\/\/api.w.org\/{rel}","templated":true}]}}