{"id":17521,"date":"2007-04-16T16:01:00","date_gmt":"2007-04-16T16:01:00","guid":{"rendered":"https:\/\/875jahrekirchgoens.de\/?p=17521"},"modified":"2025-11-21T16:03:34","modified_gmt":"2025-11-21T16:03:34","slug":"ein-verein-der-doerfliche-mundart-brauchtum-und-kultur-bewahrt","status":"publish","type":"post","link":"http:\/\/875jahrekirchgoens.de\/?p=17521","title":{"rendered":"Ein Verein, der d\u00f6rfliche Mundart, Brauchtum und Kultur bewahrt"},"content":{"rendered":"\n<p><em>Gro\u00dfe Gratulationscour zum 25. Geburtstag des Heimat- und Backhausvereins Kirch-G\u00f6ns<\/em><\/p>\n\n\n\n<p>Ein Totengedenken von Pfarrer William Thum an die verstorbenen Mitglieder in der Friedhofskapelle ging am Samstag dem akademischen Abend zum 25-j\u00e4hrigen Jubil\u00e4um des Heimat- und Backhausvereins 1982 Kirch-G\u00f6ns voraus. Der akademische Abend in der vollbesetzten Mehrzweckhalle, unter den zahlreichen geladenen G\u00e4sten war auch Ehrenb\u00fcrgermeister Karl-Heinz Hoffmann, wurde zur Manifestation des Wirkens eines unerm\u00fcdlich t\u00e4tigen Vereins, der sich die Bewahrung von d\u00f6rflichem Brauchtum, Mundart und Kultur auf seine Fahne geschrieben hat und der seine Entstehung der musterg\u00fcltigen Sanierung des alten Dorfbackhauses aus dem 18. Jahrhundert verdankt. Den akademischen Abend leitete nach dem Motto \u201eMundart ist die Sprache des Herzens\u201c der oberhessische S\u00e4nger Hans-Peter Langlotz (Birstein) mit schwungvollen Stimmungsliedern in der Sprache der Vogelsberger ein. Etwas Humoristisches zur Er\u00f6ffnung hatte sich auch Vereinsvorsitzender G\u00fcnter Weber einfallen lassen, denn kaum wollte er zur Begr\u00fc\u00dfung der G\u00e4ste ansetzen, wurde er schon einem Polier namens Karl (dargestellt von Bernd Schindel) vom Vogelsberger Abbruchunternehmen \u201eRuck-Zuck\u201c unterbrochen. Kar war auf der Suche nach dem Backhaus, dass er dem Erdboden gleich machen wollte. Doch die Sache kl\u00e4rte sich gleich, denn Karl kam viel zu sp\u00e4t. Das beim B\u00fcroaufr\u00e4umen gefundene Auftragsschreiben war 30 Jahre alt und damit obsolet. Also konnte das Backhaus zu aller Beruhigung stehen bleiben und das Programm beginnen. Den Anfang machte nach dem Einmarsch aller Tanz- und Trachtengruppen des Jubilar-Vereins die Kindertanzgruppe mit vier munteren T\u00e4nzen. Und dann begann ein umfangreicher R\u00fcckblick des 1. Vorsitzenden, der anhand von Dias und Zeitungsausschnitten die 25 Jahre lange Geschichte des Vereins mit vielen Erinnerungen an die vergangenen Zeiten Revue passieren lie\u00df. Weber r\u00e4umte der Vorgeschichte der Vereinsgr\u00fcndung einen breiten Raum ein. Er erw\u00e4hnte, wie es in den f\u00fcnfziger Jahren zum Aussterben des Backbetriebes im Gemeindebackhaus kam, wie das Geb\u00e4ude seine Funktion beraubt als von der Gemeinde umfunktionierte Lagerst\u00e4tte in einer Art Dornr\u00f6schenschlaf verfiel, langsam vor sich hin rottete und fast der Spitzhacke zum Opfer gefallen w\u00e4re. H\u00e4tte es nicht das Engagement des damaligen Kirch-G\u00f6nser Stadtverordneten Edgar Binzer gegeben, der Mitstreiter um sich scharte, die Dorfmehrheit \u00fcberzeugte, auch die entscheidenden Gremien in der hessischen Landesverwaltung, in Butzbach eine politische und parlamentarische Mehrheit fand und letztlich das Backhaus vor der geplanten Umsiedlung in den Hessenpark rettete. Anschaulich berichtete Weber von unz\u00e4hligen von freiwilligen Helfern geleisteten Sanierungsarbeiten, nannte einzelne Namen und bat einen von den M\u00e4nnern der ersten Stunde zu sich auf die B\u00fchne. Es war Hermann Faber, der einst ma\u00dfgeblich an den Arbeiten beteiligt war, sich noch gut an das Richtfest im Jahre 1979 erinnerte und ein selbst verfasstes Gedicht auf das Backhaus vortrug. Am 30. August 1980 wurde das Einweihungsfest gefeiert, und Weber nannte die Namen der ersten Brotb\u00e4cker, die den Schornstein wieder rauchen lie\u00dfen: Marie Bletz, Hans Bletz und Emma Langsdorf. Am 19. April 1982 wurde nach gr\u00fcndlicher Vorbereitung der Heimat- und Backhausverein aus der Taufe gehoben. 30 Personen z\u00e4hlte die Gr\u00fcndungsversammlung, und als 1. Vorsitzender wurden Eugen Z\u00f6ller, als 2. Vorsitzende Birgit Faber gew\u00e4hlt. Rund um das Backhaus entwickelte der Verein d\u00f6rfliches Brauchtum, lud jeden letzten August-Sonntag zu einem Backhausfest ein, dem jedes Mal ein anderes Motto zur Seite gestellt wurde und das sich zweimal auch der engen Freundschaft, zu der in der nahen Ayers-Kaserne stationierten Soldaten und Offiziere der 2. US-Panzerdivision \u201eSpearhead\u201c widmete, die unter den Augen von Altb\u00fcrgermeister Reinhard Hanack in Paradeuniform durchs Dorf marschierten. Weber erw\u00e4hnte die Geselligkeiten im Backhausst\u00fcbchen, die Aktivit\u00e4ten der einzelnen Gruppen, die Teilnahme an Festumz\u00fcgen und Veranstaltungen, die Besuche von ausw\u00e4rtigen Trachtengruppen in Kirch-G\u00f6ns und die vielen Gegenbesuche. Zwischendurch sang Hans-Peter Langlotz, erz\u00e4hlte das Kindertrachtenpaar Anne Bopf und Tobias Weber Landeskindertrachtentreffen 2006 in Butzbach, berichtete die fr\u00fchere Kindergartenleiterin Monika Gr\u00f6nke vom immerw\u00e4hrenden guten Verh\u00e4ltnis zwischen Verein und Kindern, wurde Erna Weidhase, das mit \u00fcber 80 Jahren \u00e4lteste und noch aktive Vorstandsmitglied vorgestellt und das Butzbacher Hessentagspaar Nadine und Stefan H\u00e4user auf die B\u00fchne geholt. Bianca Wedemann, Christof Arnold und Pascal R\u00fchl vom Jugendtheater der Laienspielschar Ebersg\u00f6ns f\u00fchrten den Sketch \u201eIn der Schule\u201c auf. Die alte Tanzgruppe der ersten Stunde hatte sich wieder zusammengefunden und zeigte bei \u201eSiehste net, do kimmte\u201c und anderen gekonnten Darbietungen, dass sic nichts verlernt hat. Da kam m\u00e4chtig Applaus auf, und Geburtstagskind Willi Fuchs bekam ein gro\u00dfes St\u00e4ndchen zum 75. Geburtstag dargebracht. Dann war Zeit f\u00fcr die Ansprachen der Offiziellen. Stadtrat Manfred Sch\u00fctz \u00fcberbrachte der \u201eInstitutio\u201c Heimat- und Backhausverein herzliche Gr\u00fc\u00dfe des Magistrats und vom B\u00fcrgermeister Michael Merle. D\u00f6rfliches Brauchtum werde mit Ideenreichtum, Leidenschaft, vorbildliche Jugendarbeit und Liebe zur Tradition am Leben gehalten. Der Butzbacher Vereinsringvorsitzende Robert Werner gratulierte im Namen aller 151 Mitgliedsvereine einem Garanten f\u00fcr Verl\u00e4sslichkeit und Heimattreue. Landtagspr\u00e4sident Norbert Kartmann, seit 25 Jahren Vereinsmitglied bescheinigte dem Verein, dass ihm die gro\u00dfe Mehrheit des Dorfes trage, und dass man die gar nicht so einfache Rettung des Backhauses im wesentlichen Edgar Binzer verdanke, und dass der Weg dorthin (\u201edas war damals ein richtig saftiger politischer Streit\u201c), auch ein Sieg \u00fcber den damaligen Zeitgeist gewesen sei. Im Namen der Kirch-G\u00f6nser IG der Ortsverien gratulierte Stadtverordneter Stefan Schepp dem Kulturtr\u00e4ger und Ortsrepr\u00e4sentanten. Es schlossen sich die Gl\u00fcckw\u00fcnsche der Volkstanz- und Trachtengruppe Watzenborn-Steinberg von der Heimatvereinigung Schiffenberg, der Volkstanzgruppe Leihgestern, der Tanz- und Trachtengruppe Burkhardsfelden und der Trachtengruppe Gr\u00fcningen an. Zu den Gratulanten geh\u00f6rte auch Manfred Ansch\u00fctz (Wetzlar), der 2. Vorsitzende des mittelhessischen Mundart- und Kulturvereins Vemuk. Er hatte als Gastgeschenk lustige \u201eVerz\u00e4hlcher\u201c aus dem Westerwald mitgebracht. F\u00fcr 25j\u00e4hrie Zugeh\u00f6rigkeit zum Verein wurden 51 Vereinsmitglieder geehrt. G\u00fcnter Weber, Wolfgang Besler und Simone Reinl-Eckhard wurden mit der goldenen Nadel des HVT ausgezeichnet. Die Ehrungen \u00fcbernahm G\u00fcnter Putz, der stellvertretende HVT-Landesvorsitzende (Darmstadt), ein Oberbayer in original Werdenfelser Tracht, die HVT-Bezirksleiterin-West Ingeborg Schmidt und ihre Stellvertreterin Sigi Fink. Zwischendurch stellten sich immer wieder Gruppen des Vereins vor, erz\u00e4hlten Aktive, wie etwa Simone Reinl, Christa Schepp, Gerda Eckhard, Manfred und Hanni Weller, Brigitte Faber, Elke Besler und Heike Bunfill, vom Tanzen, Kuchenbacken, vom \u201eAufbinden\u201c und Tragen der Tracht. Und zum Schluss versammelten sich alle Gruppen des Vereins noch einmal gemeinsam auf der B\u00fchne.<\/p>\n\n\n\n<figure class=\"wp-block-image size-full\"><img loading=\"lazy\" decoding=\"async\" width=\"1024\" height=\"505\" src=\"https:\/\/875jahrekirchgoens.de\/wp-content\/uploads\/2025\/11\/grafik-234.png\" alt=\"\" class=\"wp-image-17522\" srcset=\"http:\/\/875jahrekirchgoens.de\/wp-content\/uploads\/2025\/11\/grafik-234.png 1024w, http:\/\/875jahrekirchgoens.de\/wp-content\/uploads\/2025\/11\/grafik-234-300x148.png 300w, http:\/\/875jahrekirchgoens.de\/wp-content\/uploads\/2025\/11\/grafik-234-768x379.png 768w\" sizes=\"auto, (max-width: 1024px) 100vw, 1024px\" \/><\/figure>\n\n\n\n<p class=\"has-text-align-center\">Bei der Feier des 25-j\u00e4hrigen Bestehens des Heimat- und Backhausvereins in der vollbesetzten Mehrzweckhalle <br>war auch die Kindertrachtengruppe des Vereins aktiv dabei.<\/p>\n\n\n<div class=\"wp-block-image\">\n<figure class=\"aligncenter size-full\"><img loading=\"lazy\" decoding=\"async\" width=\"512\" height=\"334\" src=\"https:\/\/875jahrekirchgoens.de\/wp-content\/uploads\/2025\/11\/grafik-235.png\" alt=\"\" class=\"wp-image-17523\" srcset=\"http:\/\/875jahrekirchgoens.de\/wp-content\/uploads\/2025\/11\/grafik-235.png 512w, http:\/\/875jahrekirchgoens.de\/wp-content\/uploads\/2025\/11\/grafik-235-300x196.png 300w\" sizes=\"auto, (max-width: 512px) 100vw, 512px\" \/><\/figure><\/div>\n\n\n<p class=\"has-text-align-center\">Landtagspr\u00e4sident Norbert Kartmann (l.) begl\u00fcckw\u00fcnschte den <br>1. Vorsitzenden des Vereins, G\u00fcnter Weber, zum Jubil\u00e4um<\/p>\n\n\n\n<p>Quelle und Bilder: Butzbacher Zeitung vom 16. April 2007<\/p>\n","protected":false},"excerpt":{"rendered":"<p>Gro\u00dfe Gratulationscour zum 25. Geburtstag des Heimat- und Backhausvereins Kirch-G\u00f6ns Ein Totengedenken von Pfarrer William Thum an die verstorbenen Mitglieder in der Friedhofskapelle ging am Samstag dem akademischen Abend zum 25-j\u00e4hrigen Jubil\u00e4um des Heimat- und Backhausvereins 1982 Kirch-G\u00f6ns voraus. Der akademische Abend in der vollbesetzten Mehrzweckhalle, unter den zahlreichen geladenen G\u00e4sten war auch Ehrenb\u00fcrgermeister Karl-Heinz &#8230; <a title=\"Ein Verein, der d\u00f6rfliche Mundart, Brauchtum und Kultur bewahrt\" class=\"read-more\" href=\"http:\/\/875jahrekirchgoens.de\/?p=17521\" aria-label=\"Mehr Informationen \u00fcber Ein Verein, der d\u00f6rfliche Mundart, Brauchtum und Kultur bewahrt\">Weiterlesen<\/a><\/p>\n","protected":false},"author":1,"featured_media":0,"comment_status":"closed","ping_status":"open","sticky":false,"template":"","format":"standard","meta":{"footnotes":""},"categories":[1],"tags":[],"class_list":["post-17521","post","type-post","status-publish","format-standard","hentry","category-infos"],"_links":{"self":[{"href":"http:\/\/875jahrekirchgoens.de\/index.php?rest_route=\/wp\/v2\/posts\/17521","targetHints":{"allow":["GET"]}}],"collection":[{"href":"http:\/\/875jahrekirchgoens.de\/index.php?rest_route=\/wp\/v2\/posts"}],"about":[{"href":"http:\/\/875jahrekirchgoens.de\/index.php?rest_route=\/wp\/v2\/types\/post"}],"author":[{"embeddable":true,"href":"http:\/\/875jahrekirchgoens.de\/index.php?rest_route=\/wp\/v2\/users\/1"}],"replies":[{"embeddable":true,"href":"http:\/\/875jahrekirchgoens.de\/index.php?rest_route=%2Fwp%2Fv2%2Fcomments&post=17521"}],"version-history":[{"count":1,"href":"http:\/\/875jahrekirchgoens.de\/index.php?rest_route=\/wp\/v2\/posts\/17521\/revisions"}],"predecessor-version":[{"id":17524,"href":"http:\/\/875jahrekirchgoens.de\/index.php?rest_route=\/wp\/v2\/posts\/17521\/revisions\/17524"}],"wp:attachment":[{"href":"http:\/\/875jahrekirchgoens.de\/index.php?rest_route=%2Fwp%2Fv2%2Fmedia&parent=17521"}],"wp:term":[{"taxonomy":"category","embeddable":true,"href":"http:\/\/875jahrekirchgoens.de\/index.php?rest_route=%2Fwp%2Fv2%2Fcategories&post=17521"},{"taxonomy":"post_tag","embeddable":true,"href":"http:\/\/875jahrekirchgoens.de\/index.php?rest_route=%2Fwp%2Fv2%2Ftags&post=17521"}],"curies":[{"name":"wp","href":"https:\/\/api.w.org\/{rel}","templated":true}]}}