{"id":17530,"date":"2007-10-11T16:08:00","date_gmt":"2007-10-11T16:08:00","guid":{"rendered":"https:\/\/875jahrekirchgoens.de\/?p=17530"},"modified":"2025-11-21T16:10:21","modified_gmt":"2025-11-21T16:10:21","slug":"zu-einem-erntedanknachmittag","status":"publish","type":"post","link":"http:\/\/875jahrekirchgoens.de\/?p=17530","title":{"rendered":"Zu einem Erntedanknachmittag \u2026"},"content":{"rendered":"\n<p>hatte der Heimat- und Backhausverein Kirch-G\u00f6ns in das B\u00fcrgerhaus eingeladen. Der Erntedanknachmittag, beschlie\u00dft die Veranstaltungen zum 25j\u00e4hrigen Vereinsjubil\u00e4um in 2007. Insgesamt 37 Zwetschen-, Streusel-, Butterlochs- und R\u00fcwwelkuchen wurden f\u00fcr das kleine Fest gebacken. Zu dem auch besonders die Senioren des Dorfes eingeladen waren, da in diesem Jahr der Seniorennachmittag ausfiel. Verbunden mit dem Erntedanknachmittag ist eine Ausstellung historischer Ger\u00e4tschaften und Utensilien im Obergeschoss des B\u00fcrgerhauses. Au\u00dferdem konnte das Backhaus mit Backstube und \u201eSt\u00fcbchen\u201c besichtigt werden.<\/p>\n\n\n\n<figure class=\"wp-block-image size-full\"><img loading=\"lazy\" decoding=\"async\" width=\"1024\" height=\"333\" src=\"https:\/\/875jahrekirchgoens.de\/wp-content\/uploads\/2025\/11\/grafik-236.png\" alt=\"\" class=\"wp-image-17531\" srcset=\"http:\/\/875jahrekirchgoens.de\/wp-content\/uploads\/2025\/11\/grafik-236.png 1024w, http:\/\/875jahrekirchgoens.de\/wp-content\/uploads\/2025\/11\/grafik-236-300x98.png 300w, http:\/\/875jahrekirchgoens.de\/wp-content\/uploads\/2025\/11\/grafik-236-768x250.png 768w\" sizes=\"auto, (max-width: 1024px) 100vw, 1024px\" \/><\/figure>\n\n\n\n<p>Quelle und Bilder: Archiv Heimat und Backhausverein vom 11. Oktober 2007<\/p>\n","protected":false},"excerpt":{"rendered":"<p>hatte der Heimat- und Backhausverein Kirch-G\u00f6ns in das B\u00fcrgerhaus eingeladen. Der Erntedanknachmittag, beschlie\u00dft die Veranstaltungen zum 25j\u00e4hrigen Vereinsjubil\u00e4um in 2007. Insgesamt 37 Zwetschen-, Streusel-, Butterlochs- und R\u00fcwwelkuchen wurden f\u00fcr das kleine Fest gebacken. Zu dem auch besonders die Senioren des Dorfes eingeladen waren, da in diesem Jahr der Seniorennachmittag ausfiel. Verbunden mit dem Erntedanknachmittag ist &#8230; <a title=\"Zu einem Erntedanknachmittag \u2026\" class=\"read-more\" href=\"http:\/\/875jahrekirchgoens.de\/?p=17530\" aria-label=\"Mehr Informationen \u00fcber Zu einem Erntedanknachmittag \u2026\">Weiterlesen<\/a><\/p>\n","protected":false},"author":1,"featured_media":0,"comment_status":"closed","ping_status":"open","sticky":false,"template":"","format":"standard","meta":{"footnotes":""},"categories":[1],"tags":[],"class_list":["post-17530","post","type-post","status-publish","format-standard","hentry","category-infos"],"_links":{"self":[{"href":"http:\/\/875jahrekirchgoens.de\/index.php?rest_route=\/wp\/v2\/posts\/17530","targetHints":{"allow":["GET"]}}],"collection":[{"href":"http:\/\/875jahrekirchgoens.de\/index.php?rest_route=\/wp\/v2\/posts"}],"about":[{"href":"http:\/\/875jahrekirchgoens.de\/index.php?rest_route=\/wp\/v2\/types\/post"}],"author":[{"embeddable":true,"href":"http:\/\/875jahrekirchgoens.de\/index.php?rest_route=\/wp\/v2\/users\/1"}],"replies":[{"embeddable":true,"href":"http:\/\/875jahrekirchgoens.de\/index.php?rest_route=%2Fwp%2Fv2%2Fcomments&post=17530"}],"version-history":[{"count":1,"href":"http:\/\/875jahrekirchgoens.de\/index.php?rest_route=\/wp\/v2\/posts\/17530\/revisions"}],"predecessor-version":[{"id":17532,"href":"http:\/\/875jahrekirchgoens.de\/index.php?rest_route=\/wp\/v2\/posts\/17530\/revisions\/17532"}],"wp:attachment":[{"href":"http:\/\/875jahrekirchgoens.de\/index.php?rest_route=%2Fwp%2Fv2%2Fmedia&parent=17530"}],"wp:term":[{"taxonomy":"category","embeddable":true,"href":"http:\/\/875jahrekirchgoens.de\/index.php?rest_route=%2Fwp%2Fv2%2Fcategories&post=17530"},{"taxonomy":"post_tag","embeddable":true,"href":"http:\/\/875jahrekirchgoens.de\/index.php?rest_route=%2Fwp%2Fv2%2Ftags&post=17530"}],"curies":[{"name":"wp","href":"https:\/\/api.w.org\/{rel}","templated":true}]}}