{"id":17545,"date":"2008-04-03T16:28:00","date_gmt":"2008-04-03T16:28:00","guid":{"rendered":"https:\/\/875jahrekirchgoens.de\/?p=17545"},"modified":"2025-11-21T16:29:27","modified_gmt":"2025-11-21T16:29:27","slug":"hessentag-war-hoehepunkt-des-jahres","status":"publish","type":"post","link":"http:\/\/875jahrekirchgoens.de\/?p=17545","title":{"rendered":"Hessentag war H\u00f6hepunkt des Jahres"},"content":{"rendered":"\n<p><em>Gesangverein Kirch-G\u00f6ns ehrte langj\u00e4hrige aktive S\u00e4ngerinnen und S\u00e4nger<\/em><\/p>\n\n\n\n<p>Zur Jahreshauptversammlung traf sich der Gesangverein 1862 Kirch-G\u00f6ns im Vereinslokal Caf\u00e9 Maiwald. Dort begr\u00fc\u00dfte der 1. Vorsitzende Peter B. Braasch alle Anwesenden. Einen besonderen Gru\u00df gab es f\u00fcr Patrick Stinka aus Niederkleen, den Dirigenten. Zu Beginn der Generalversammlung gedachte man der im Vorjahr verstorbenen Mitglieder. Braasch erinnerte an Thea Berger, Erwin Weber, Getrud Neumann, Erwin Mohr, Ewald Eckhard, Liesel Raith, Margot Osthold und Else Guth. Gertrud Neumann und Ewald Eckhard seien bis zum Beginn ihrer Erkrankung als aktive Mitglieder des Chores t\u00e4tig gewesen. Liesel Raith, die in langen Jahren als treueste S\u00e4ngerin so gut wie keine Singstunde vers\u00e4umte, habe wenige Wochen vor ihrem Tod noch fr\u00f6hlich den Hessentag in Butzbach mitgefeiert. \u201eIn Freud und Leid zum Singen bereit\u201c, hei\u00dfe der Leitspruch der Gesangvereine, und so habe man es 2007 auch in Kirch-G\u00f6ns gehalten, sagte Braasch. Man habe in Trauer von lieben Menschen Abschied nehmen m\u00fcssen, aber auch in einigen frohe Veranstaltungen miteinander gefeiert. Das Schlachtessen am 10. Februar war ein guter Erfolg. Nach der Aschermittwochssingstunde st\u00e4rkten sich die S\u00e4ngerinnen und S\u00e4nger beim Heringsessen. Nach der Generalversammlung am 23. M\u00e4rz bereicherte der Gesangverein Mit zwei Darbietungen das Fr\u00fchschoppenkonzert der Chorgemeinschaft 1857 Hoch-Weisel. Musikalisch umrahmt wurde der akademische Abend des Heimat- und Backhausvereins Kirch-G\u00f6ns. Teilgenommen wurde am Bundeswertungssingen des SHS im B\u00fcrgerhaus H\u00fcttenberg. H\u00f6hepunkt der Region war der Hessentag in Butzbach. Der Gesangverein wirkte beim Kirch-G\u00f6nser Programm auf dem Platz der Stadtteile im Lahntorpark mit und auch auf der Volksbank-B\u00fchne des Weindorfes auf dem Marktplatz. Als \u201eeinmalig\u201c in der \u00fcber 145 Jahre alten Vereinsgeschichte bezeichnete Braasch die gemeinsame \u201egr\u00fcne und goldene Hochzeit\u201c der Familie Bunfill\/Mader am 16. Juni. Der um Niederkleener Stimmen verst\u00e4rkte M\u00e4nnerchor habe zu Ehren von Heike und Brian Bunfill gesungen, der gemischte Chor zu Ehren von Elli und Josef Mader. Der Gesangverein wirkte mit beim \u201eGute-Reise-Gottesdienst\u201c f\u00fcr eine Gruppe der Evangelischen Kirchengemeinde Kirch-G\u00f6ns und Pohl-G\u00f6ns, die nach Masuren ins ehemalige Ostpreu\u00dfen aufbrachen. Auch beim Festgottesdienst der Naturschutzgruppe Pohl-G\u00f6ns (25 Jahre) am 19. August war man dabei. W\u00e4hrend des Mundartgottesdienstes beim Backhausfest wurde gesungen, und beim nachmitt\u00e4glichen Festzug war man ebenfalls dabei. Ein H\u00f6hepunkt des Vereinsjahrs war die Tagesfahrt nach Bad Kreuzbach\/Bad M\u00fcnster am Stein mit Weinverkostung in Weiler an der Nahe. Mitgewirkt wurde bei der Volkstrauerveranstaltung und beim Waldgottesdienst, der am 1. Advent wegen schlechten Wetters in die Kirche verlegt wurde. Gesungen wurde beim Seniorennachmittag und bei der Weihnachtsfeier des Seniorenheims \u201eRosengarten\u201c. Dem 1. Vorsitzenden brachte man am 12. Dezember ein St\u00e4ndchen zum 75. Geburtstag dar. An der umstrukturierten Adventskalender\u00f6ffnung in Butzbach nahm man nicht mehr teil. Die traditionelle letzte Singstunde fand am 19. Dezember statt. Abschluss des Gesangsjahres war das Weihnachtssingen im Gottesdienst am 1. Feiertag. Nach dem Jahresbericht des Schatzmeisters Rudi Weber, dem Bericht der Kassenpr\u00fcfer und der einstimmigen Entlastung des Vorstandes wurden verdiente S\u00e4nger geehrt. 25 Jahre dabei sind Christel Oster und Ute Maiwald, 40 Jahre Helmut Ceh. Seit 30 Jahren wirkt Hanni Frischmuth im Vorstand mit. Flei\u00dfigste S\u00e4ngerinnen und S\u00e4nger waren Christel Oster, Hanni Frischmuth und Georg Neumann (zweimal gefehlt). Elli Mader, Heike Bunfill und G\u00fcnther Kuhn (dreimal gefehlt). Neue Kassenpr\u00fcfer wurden Georg Neumann und G\u00fcnther Weber.<\/p>\n\n\n<div class=\"wp-block-image\">\n<figure class=\"aligncenter size-full\"><img loading=\"lazy\" decoding=\"async\" width=\"512\" height=\"348\" src=\"https:\/\/875jahrekirchgoens.de\/wp-content\/uploads\/2025\/11\/grafik-239.png\" alt=\"\" class=\"wp-image-17546\" srcset=\"http:\/\/875jahrekirchgoens.de\/wp-content\/uploads\/2025\/11\/grafik-239.png 512w, http:\/\/875jahrekirchgoens.de\/wp-content\/uploads\/2025\/11\/grafik-239-300x204.png 300w\" sizes=\"auto, (max-width: 512px) 100vw, 512px\" \/><\/figure><\/div>\n\n\n<p class=\"has-text-align-center\">In seiner Generalversammlung ehrte der Gesangverein 1862 Kirch-G\u00f6ns <br>verdiente aktive S\u00e4ngerinnen und S\u00e4nger. Das Foto zeigt den <br>1. Vorsitzenden Peter B. Braasch (2. V. l.) mit (v. l.) Georg Neumann, <br>Christel Oster, Ute Maiwald, Hanni Frischmuth, Elli Mader und G\u00fcnther Kuhn.<\/p>\n\n\n\n<p>Quelle und Bild: Butzbacher Zeitung vom 3. April 2008<\/p>\n","protected":false},"excerpt":{"rendered":"<p>Gesangverein Kirch-G\u00f6ns ehrte langj\u00e4hrige aktive S\u00e4ngerinnen und S\u00e4nger Zur Jahreshauptversammlung traf sich der Gesangverein 1862 Kirch-G\u00f6ns im Vereinslokal Caf\u00e9 Maiwald. Dort begr\u00fc\u00dfte der 1. Vorsitzende Peter B. Braasch alle Anwesenden. Einen besonderen Gru\u00df gab es f\u00fcr Patrick Stinka aus Niederkleen, den Dirigenten. Zu Beginn der Generalversammlung gedachte man der im Vorjahr verstorbenen Mitglieder. Braasch erinnerte &#8230; <a title=\"Hessentag war H\u00f6hepunkt des Jahres\" class=\"read-more\" href=\"http:\/\/875jahrekirchgoens.de\/?p=17545\" aria-label=\"Mehr Informationen \u00fcber Hessentag war H\u00f6hepunkt des Jahres\">Weiterlesen<\/a><\/p>\n","protected":false},"author":1,"featured_media":0,"comment_status":"closed","ping_status":"open","sticky":false,"template":"","format":"standard","meta":{"footnotes":""},"categories":[1],"tags":[],"class_list":["post-17545","post","type-post","status-publish","format-standard","hentry","category-infos"],"_links":{"self":[{"href":"http:\/\/875jahrekirchgoens.de\/index.php?rest_route=\/wp\/v2\/posts\/17545","targetHints":{"allow":["GET"]}}],"collection":[{"href":"http:\/\/875jahrekirchgoens.de\/index.php?rest_route=\/wp\/v2\/posts"}],"about":[{"href":"http:\/\/875jahrekirchgoens.de\/index.php?rest_route=\/wp\/v2\/types\/post"}],"author":[{"embeddable":true,"href":"http:\/\/875jahrekirchgoens.de\/index.php?rest_route=\/wp\/v2\/users\/1"}],"replies":[{"embeddable":true,"href":"http:\/\/875jahrekirchgoens.de\/index.php?rest_route=%2Fwp%2Fv2%2Fcomments&post=17545"}],"version-history":[{"count":1,"href":"http:\/\/875jahrekirchgoens.de\/index.php?rest_route=\/wp\/v2\/posts\/17545\/revisions"}],"predecessor-version":[{"id":17547,"href":"http:\/\/875jahrekirchgoens.de\/index.php?rest_route=\/wp\/v2\/posts\/17545\/revisions\/17547"}],"wp:attachment":[{"href":"http:\/\/875jahrekirchgoens.de\/index.php?rest_route=%2Fwp%2Fv2%2Fmedia&parent=17545"}],"wp:term":[{"taxonomy":"category","embeddable":true,"href":"http:\/\/875jahrekirchgoens.de\/index.php?rest_route=%2Fwp%2Fv2%2Fcategories&post=17545"},{"taxonomy":"post_tag","embeddable":true,"href":"http:\/\/875jahrekirchgoens.de\/index.php?rest_route=%2Fwp%2Fv2%2Ftags&post=17545"}],"curies":[{"name":"wp","href":"https:\/\/api.w.org\/{rel}","templated":true}]}}