{"id":17549,"date":"2008-04-29T16:33:00","date_gmt":"2008-04-29T16:33:00","guid":{"rendered":"https:\/\/875jahrekirchgoens.de\/?p=17549"},"modified":"2025-11-21T16:34:49","modified_gmt":"2025-11-21T16:34:49","slug":"fuer-heimat-und-backhausverein-waren-jubilaeum-und-hessentag-hoehepunkte","status":"publish","type":"post","link":"http:\/\/875jahrekirchgoens.de\/?p=17549","title":{"rendered":"F\u00fcr Heimat- und Backhausverein waren Jubil\u00e4um und Hessentag H\u00f6hepunkte"},"content":{"rendered":"\n<p>Die Veranstaltungen zum eigenen 25-j\u00e4hrigen Jubil\u00e4um und der Hessentag 2007 in Butzbach waren die pr\u00e4genden Vorjahres-H\u00f6hepunkte des Heimat- und Backhausvereins Kirch-G\u00f6ns. Dies erkl\u00e4rte der 1. Vorsitzende G\u00fcnter Weber in der Jahreshauptversammlung seines Vereins im Caf\u00e9 Maiwald. Ein besonderer Gru\u00df galt Ortsvorsteher Peter B. Braasch. Wegen der gleichzeitig stattfindenden Generalversammlung eines anderen gro\u00dfen Ortsvereins war die Schar der anwesenden Mitglieder etwas dezimiert. In seiner Begr\u00fc\u00dfung bedauerte Weber die doppelte Veranstaltung, die der Heimat- und Backhausverein nicht zu verantworten habe. Die Totenehrung galt den verstorbenen Mitgliedern Thea Berger, Willi Br\u00fcckel, Ewald Eckhard, Tilli Herbel, Gertrud Neumann und Erwin Weber. Zwei Mitgliederversammlungen habe man nun abgehalten, berichtet Weber. Abordnungen des Vereins seien auf vielen offiziellen Termin in Kirch-G\u00f6ns, Butzbach und anderswo vertreten gewesen. Das Vereinsjahr habe nach dem Neujahrsempfang der Stadt Butzbach mit dem Helfer- und Familienabend im B\u00fcrgerhaus begonnen. Am 14. April habe der Heimat- und Backhausverein seinen akademischen Abend mit gro\u00dfem Programm in der Mehrzweckhalle unter der Schirmherrschaft des Landtagspr\u00e4sidenten Norbert Kartmann gefeiert. 51 Vereinsmitglieder seien dabei f\u00fcr 25-j\u00e4hrige Mitgliedschaft geehrt worden und weitere 11 f\u00fcr die geleisteten Renovierungsarbeiten am Backhaus. Die Hessische Vereinigung f\u00fcr Trachtenpflege habe Simone Reinl, Wolfgang Besler und G\u00fcnter Weber mit der silbernen Plakette f\u00fcr mehr als 10 Jahre Vorstandsarbeit ausgezeichnet und dem Verein mit der goldenen Plakette geehrt. Aus Anlass des Jubil\u00e4ums habe man am 12. Mai eine Gemarkungsrundfahrt unternommen und mit zwei Traktorgespannen markante Punkte im Feld angesteuert. Mit dabei waren als Experten Prof. Harrach (Uni Gie\u00dfen) und der Dipl.-Geograph Klaus R\u00f6ttger, die Erl\u00e4uterungen zu Geologie, Bodenkunde und Siedlungsgeschichte des Raums gaben. Danach habe der Hessentag die Vereinsaktivit\u00e4ten bestimmt, nachdem das \u201eHessenfernsehen\u201c in Kirch-G\u00f6ns vor Kirche und Backhaus H\u00fcttenberger Hochzeitsbrauchtum und Volkst\u00e4nze filmte. Bei der Hessentagser\u00f6ffnung am 1. Juni habe der HBV an der Er\u00f6ffnung im HVT-Zelt \u201eTrachtenland Hessen\u201c mit dem Hochzeitszug teilgenommen. Drei Tag sp\u00e4ter \u00fcbernahmen die Kirch-G\u00f6nser Ortsvereine auf dem \u201ePlatz der Stadtteile\u201c im Lahntorpark die Bewirtung und gestalteten das B\u00fchnenprogramm. Hier war der HBV ebenso vertreten wie am Fronleichnamstag beim B\u00fchnenprogramm des Vereins VEMuK (Verein zur Erhaltung der mittelhessischen Mundart und Kultur) im Weindorf auf dem Marktplatz. Die haupts\u00e4chlich von Vereinsmitglied Herman Faber gestaltete Ausstellung aller landwirtschaftlicher Ger\u00e4tschaften im \u201eTrachtenland Hessen\u201c-Zelt und die Teilnahme am Hessentagsfestzug seien weitere H\u00f6hepunkte gewesen. Unvergessen sei das eigene Jubil\u00e4umsbackhausfest am 26. August. Alles begann mit einem Mundartgottesdienst unter der Dorflinde unter Mitwirkung des Gesangvereins mit Pfarrer William Thum. Sehr farbenpr\u00e4chtige war der gro\u00dfe Festzug, an dem zahlreiche Volkstanz- und Trachtengruppen aus ganz Hessen teilnahmen. Das anschlie\u00dfende B\u00fchnenprogramm wurde von Gruppen aus Schlitz, Erfurtshausen, Linden, R\u00f6llshausen und R\u00fcddingshausen gestaltet. Die Wettertaler Blasmusik unterhielt mit einem Platzkonzert. Die Ausstellung im S\u00e4ngerheim hie\u00df \u201eKinder wie die Zeit vergeht\u201c, und das neue von Anke und Andreas Besler geschaffene B\u00fchnenbild wurde aufgestellt. Den Abschluss des Jubil\u00e4umsjahres bildete ein pr\u00e4chtiger Erntedanknachmittag im B\u00fcrgerhaus. Mit einer weiteren Ausstellung \u201eVom Korn zum Brot\u201c wurde an aussterbendes l\u00e4ndliches Brauchtum erinnert. Vorsitzender Weber erw\u00e4hnte dar\u00fcber hinaus die Teilnahme seines Vereins am 75-j\u00e4hrigen Jubil\u00e4um der Oberhessischen Volkstanz- und Trachtengruppe Leihgestern (28. April), am 25-j\u00e4hrigen Jubil\u00e4um der Trachtengruppe Gr\u00fcningen (17. Juni), an der 700-Jahrfeier in Annerod, an einer gro\u00df0en H\u00fcttenberger Trachtenhochzeit mit Brautzug durchs Dorf und echter Trauung in Rechtenbach (22. Juli). Bereits am 16. Juni hatte man in Arbeitstracht ein Spalier gestellt bei der Trauung von Vorstandsmitglied Heike Bunfill mit Ehemann Brian und der goldenen Hochzeit ihrer Eltern Elli und Josef Mader. Weber dankte allen, die im abgelaufenen Jahr f\u00fcr den Verein aktiv waren. Festzustellen sei, dass das Jahr 2007 durch die Mitwirkung aller aktiver und vieler passiver Mitglieder zu einem ganz besonderen Vereinsjahr geworden sei. Darauf sei der Vorstand sehr stolz und man hoffe auf eine gedeihliche Fortsetzung und Weiterentwicklung. Simone Reinl legte nacheinander als Tanzgruppenleiterin, Kindergruppenleitern (mit Monika Maiwald) und Kassenwartin Bericht ab. Die beiden Kassenpr\u00fcferinnen Gitta Faber und Karin Spangenberg bescheinigten ich eine vorbildliche Buchf\u00fchrung. Nach der einstimmigen Entlastung des Vorstandes standen die Neuwahlen an. Ortsvorsteher Peter B. Braasch hatte ein leichtes Amt, denn es gab nur Wiederwahlen. Einstimmig best\u00e4tigt wurden G\u00fcnther Weber (1. Vorsitzender), Lothar Nitsche (2. Vorsitzender), Wolfgang Besler (Schriftf\u00fchrer), Simone Reinl (Kassiererin) sowie Ilse Schepp, Monika Maiwald, Lisa Bunfill und Heike Bunfill (Beisitzerinnen). Nur eine \u00c4nderung gab es. F\u00fcr Beisitzer und Jugendvertreter Patrick Wolf kam Marion Dietrich neu in den Vorstand. Kassenpr\u00fcfer wurden Herman Faber und Melanie Schepp, Ersatzkassenpr\u00fcfer ist Leni Braasch. Danach zeichnete Vorsitzender Weger die Mitglieder Rudolf Hagedorn, Ruth Hahn und Renate M\u00fcller f\u00fcr 10 Jahre Vereinszugeh\u00f6rigkeit aus. Auch gab Weber die Termine f\u00fcr 2008 bekannt. Backhausfest ist am Sonntag, 31. August. Die Vorbereitungen laufen bereits, unter anderem wird die Ausstellung \u201eWaschtag von anno dazumal\u201c vorbereitet. Teilnehmen wird der Heimat- und Backhausverein am Rosenkorso in Steinfurth (13. Juli) sowie an den Festz\u00fcgen in R\u00fcddinghausen (3. August), Ebersg\u00f6ns (10. August) und \u201e900 Jahre Queckborn\u201c (7. September). Geplant sind eine Abendfahrt zur Sternwarte nach Bad Nauheim f\u00fcr die Jugend und ein Tagesausflug nach der Erntezeit im Oktober. Ortsvorsteher Braasch \u00fcberbrachte eine Einladung zur Teilnahme an der Senioren-Weichnacht im Stadtteil. Im gem\u00fctlichen Teil wurden Filmsequenzen des \u201eHessenfernsehens\u201c \u00fcber den Verein und das Hochzeitsbrauchtum gezeigt.<\/p>\n\n\n<div class=\"wp-block-image\">\n<figure class=\"aligncenter size-full\"><img loading=\"lazy\" decoding=\"async\" width=\"512\" height=\"370\" src=\"https:\/\/875jahrekirchgoens.de\/wp-content\/uploads\/2025\/11\/grafik-240.png\" alt=\"\" class=\"wp-image-17550\" srcset=\"http:\/\/875jahrekirchgoens.de\/wp-content\/uploads\/2025\/11\/grafik-240.png 512w, http:\/\/875jahrekirchgoens.de\/wp-content\/uploads\/2025\/11\/grafik-240-300x217.png 300w\" sizes=\"auto, (max-width: 512px) 100vw, 512px\" \/><\/figure><\/div>\n\n\n<p class=\"has-text-align-center\">G\u00fcnter Weber (M.), der Vorsitzende des Heimat- und Backhausvereins, <br>ehrte in der Jahreshauptversammlung Renate M\u00fcller (l.), und Ruth Hahn <br>f\u00fcr 10-j\u00e4hrige Mitgliedschaft mit Urkunden und Nadeln. <br>Auf dem Foto fehlt Rudolf Hagendorn.<\/p>\n\n\n\n<p>Quelle und Bild: Butzbacher Zeitung vom 29. April 2008<\/p>\n\n\n\n<p><\/p>\n","protected":false},"excerpt":{"rendered":"<p>Die Veranstaltungen zum eigenen 25-j\u00e4hrigen Jubil\u00e4um und der Hessentag 2007 in Butzbach waren die pr\u00e4genden Vorjahres-H\u00f6hepunkte des Heimat- und Backhausvereins Kirch-G\u00f6ns. Dies erkl\u00e4rte der 1. Vorsitzende G\u00fcnter Weber in der Jahreshauptversammlung seines Vereins im Caf\u00e9 Maiwald. Ein besonderer Gru\u00df galt Ortsvorsteher Peter B. Braasch. Wegen der gleichzeitig stattfindenden Generalversammlung eines anderen gro\u00dfen Ortsvereins war die &#8230; <a title=\"F\u00fcr Heimat- und Backhausverein waren Jubil\u00e4um und Hessentag H\u00f6hepunkte\" class=\"read-more\" href=\"http:\/\/875jahrekirchgoens.de\/?p=17549\" aria-label=\"Mehr Informationen \u00fcber F\u00fcr Heimat- und Backhausverein waren Jubil\u00e4um und Hessentag H\u00f6hepunkte\">Weiterlesen<\/a><\/p>\n","protected":false},"author":1,"featured_media":0,"comment_status":"closed","ping_status":"open","sticky":false,"template":"","format":"standard","meta":{"footnotes":""},"categories":[1],"tags":[],"class_list":["post-17549","post","type-post","status-publish","format-standard","hentry","category-infos"],"_links":{"self":[{"href":"http:\/\/875jahrekirchgoens.de\/index.php?rest_route=\/wp\/v2\/posts\/17549","targetHints":{"allow":["GET"]}}],"collection":[{"href":"http:\/\/875jahrekirchgoens.de\/index.php?rest_route=\/wp\/v2\/posts"}],"about":[{"href":"http:\/\/875jahrekirchgoens.de\/index.php?rest_route=\/wp\/v2\/types\/post"}],"author":[{"embeddable":true,"href":"http:\/\/875jahrekirchgoens.de\/index.php?rest_route=\/wp\/v2\/users\/1"}],"replies":[{"embeddable":true,"href":"http:\/\/875jahrekirchgoens.de\/index.php?rest_route=%2Fwp%2Fv2%2Fcomments&post=17549"}],"version-history":[{"count":1,"href":"http:\/\/875jahrekirchgoens.de\/index.php?rest_route=\/wp\/v2\/posts\/17549\/revisions"}],"predecessor-version":[{"id":17551,"href":"http:\/\/875jahrekirchgoens.de\/index.php?rest_route=\/wp\/v2\/posts\/17549\/revisions\/17551"}],"wp:attachment":[{"href":"http:\/\/875jahrekirchgoens.de\/index.php?rest_route=%2Fwp%2Fv2%2Fmedia&parent=17549"}],"wp:term":[{"taxonomy":"category","embeddable":true,"href":"http:\/\/875jahrekirchgoens.de\/index.php?rest_route=%2Fwp%2Fv2%2Fcategories&post=17549"},{"taxonomy":"post_tag","embeddable":true,"href":"http:\/\/875jahrekirchgoens.de\/index.php?rest_route=%2Fwp%2Fv2%2Ftags&post=17549"}],"curies":[{"name":"wp","href":"https:\/\/api.w.org\/{rel}","templated":true}]}}