{"id":17553,"date":"2008-06-18T16:37:00","date_gmt":"2008-06-18T16:37:00","guid":{"rendered":"https:\/\/875jahrekirchgoens.de\/?p=17553"},"modified":"2025-11-21T16:39:28","modified_gmt":"2025-11-21T16:39:28","slug":"mps-oberer-huettenberg-ueberstand-bisher-alle-stuerme-der-zeit","status":"publish","type":"post","link":"http:\/\/875jahrekirchgoens.de\/?p=17553","title":{"rendered":"MPS Oberer H\u00fcttenberg \u00fcberstand bisher alle St\u00fcrme der Zeit"},"content":{"rendered":"\n<p><em>Morgen wird das 40-j\u00e4hrige Bestehen gefeiert \/ Auch alle Ehemaligen sind eingeladen<\/em><\/p>\n\n\n\n<p>Am 1. September 1968 wurde die Mittelpunktschule Oberer H\u00fcttenberg in Kirch-\/Pohl-G\u00f6ns feierlich im Beisein zahlreicher G\u00e4ste eingeweiht. Der 40. Geburtstag wird am Donnerstag, 19. Juni, gefeiert. Der Hessische Landtag verabschiedete 1961 ein neues Schulverwaltungsgesetzt, dass eine Zentralisierung durch die Einrichtung von Mittelpunktschulen vorsah. Dadurch sollten die meist zweitklassigen Dorfschulen abgel\u00f6st werden, um gr\u00f6\u00dfere Chancengleichheiten herzustellen und den Zugang zu weiterf\u00fchrenden Schulen zu erleichtern. Bereits an Ostern 1964 wurde die bis dahin selbstst\u00e4ndigen Schulen in Pohl-G\u00f6ns und Kirch-G\u00f6ns zu einer Mittelpunktschule zusammengefasst. Lehrer Karl Tr\u00f6tsch aus M\u00fcnzenberg, der an der Schrenzerschule Butzbach unterrichtet hatte, wurde zum Rektor ernannt. Im April 1965 gr\u00fcndeten die vier Gemeinden Pohl-G\u00f6ns, Kirch-G\u00f6ns, Ebersg\u00f6ns und Oberkleen den Schulverband Oberer H\u00fcttenberg. Wilhelm Trisch aus Pohl-G\u00f6ns \u00fcbernahm damals den Vorsitz dieses Verbandes, der den Neubau einer Schule f\u00fcr die Kinder der vier Gemeinden vorantreiben sollte. Am 1. Juni 1966 wurde mit dem Bau des neuen Schulgeb\u00e4udes begonnen. Nach einer Bauzeit von 27 Monaten entstand ein umbauter Raum f\u00fcr die Schule und eine Sporthalle von etwa 23 200 m\u00b3 auf einem Areal von 2,3 ha. Die gesamten Baukosten f\u00fcr die \u201eSchule im Gr\u00fcnen\u201c beliefen sich auf 4,3 Millionen DM. Hergestellt wurden nicht nur das Schulgeb\u00e4ude und die Sporthalle, sondern auch ein gro\u00dfer Pausenhof, ein Hartplatz, eine Laufbahn, Sprunganlagen und Kletterger\u00fcste. Die Schule beherbergt neben den Klassenr\u00e4umen auch einige Fachr\u00e4ume f\u00fcr Physik, Chemie und Biologie sowie f\u00fcr Handarbeit, Kochen und Werken sowie eine Aula f\u00fcr repr\u00e4sentative Zwecke. Am 4. September begann der Unterricht im neuen Geb\u00e4ude mit sechs Lehrerinnen und sieben Lehrern: Rektor Karl Tr\u00f6tsch, Getrud Sang, Hilde Brandl, Erika Huslik, Elisabeth Kretschmer, Elke Fischer, Willi Hartmannshenn, Rudolf Wasserhe\u00df, Samuel Kartmann, Friedel Neumann und Udo Rau. Bahnbrechend war im Schuljahr 1970\/71 die Einrichtung einer F\u00f6rderstufe. Um die erforderlichen Sch\u00fclerzahlen f\u00fcr geforderte drei Parallelklassen zu bekommen, wurde vom Schulamt in Friedberg entschieden, die Kinder der 5. Klassen aus M\u00fcnzenberg und Gambach in Schulbussen nach Kirch-\/Pohl-G\u00f6ns zu bef\u00f6rdern. Das f\u00fchrte zu heftigen Protesten in beiden Gemeinden, die erst allm\u00e4hlich an Intensit\u00e4t verloren. Von diesem Schuljahr an wurden 86 Sch\u00fclerinnen und Sch\u00fcler aus acht Gemeinden in der Stufe unterrichtet: Pohl-G\u00f6ns, Kirch-G\u00f6ns, Ebersg\u00f6ns, Oberkleen, Gambach, Ober-H\u00f6rgern, M\u00fcnzenberg und Trais-M\u00fcnzenberg. F\u00f6rderstufenleiter wurde Udo Rau. 1972\/73 entstanden die beiden ersten siebten Klassen des Realschulzweiges. Nach dem pl\u00f6tzlichen Tod von Schulleiter Karl Tr\u00f6tsch im Oktober 1972 \u00fcbernahm im April 1973 Peter Warnke (Melbach) die Amtsgesch\u00e4fte eines Schulleiters. Er blieb bis zu seiner Pensionierung im Sommer 2000 27 Jahre in dieser exponierten Position und hat gemeinsam mit den Konrektoren Udo Rau, den Karl-Heinz Schmidt als F\u00f6rderstufenleiter abl\u00f6ste, Heinz Petry und Willi M\u00fcller (M\u00fcnzenberg) die p\u00e4dagogische Arbeit an der MPS entwickelt. Es folgte danach eine Zeit mit verschiedenen kommissarischen Leitungen (die Herren Ulm, R\u00fchl, Brodkorb), auch in Form eines Schulleitungs-Teams aus Kollegen. Ab August 2002 \u00fcbernahm Egon Fritz bis Februar 2007 die Rektorenstelle, die zur Zeit von Ute Siegel, die vorher als Konrektorin t\u00e4tig war, ausgef\u00fcllt wird. Die MPS musste auch einmal um ihren Fortbestand k\u00e4mpfen, weil im Jahr 1985 vom Kreis Friedberg eine schwerwiegende Organisations\u00e4nderung geplant war. Gemeinsam gingen Sch\u00fcler, Eltern und Lehrer auf die Stra\u00dfe und machten mit Protestumz\u00fcgen auf ihre prek\u00e4re Lage aufmerksam. Schlie\u00dflich konnten die Politiker von dem Erhalt der MPS \u00fcberzeugt werden und die erfolgreich p\u00e4dagogische Arbeit in allen Schulstufen setzte sich fort. Bereits 1972 begann die die Schule in Kirch-\/Pohl-G\u00f6ns Betriebspraktika durchzuf\u00fchren. Sch\u00fclerinnen und Sch\u00fcler sollten die Arbeitswelt besser kennen lernen und f\u00fcr ihre Schullaufbahn neue Anregungen erhalten. Im Raum Butzbach wurden besonders die Sch\u00fcler der MPS von den Betrieben gerne aufgenommen, weil deutlich wurde, dass in der MPS nicht nur Wissen vermittelt wurde, sondern auch die Begriffe Erziehung und Disziplin nicht fremd waren. Offiziell wurde die gute Arbeit, die von Sch\u00fclern und Lehrern an der MPS geleistet wird mit der Verleihung der Urkunde \u201eBeste Haupt- und Realschule in Hessen\u201c durch die IHK Hessen gew\u00fcrdigt. Seit September 2006 geh\u00f6rt die MPS zu den besten zehn Schulen mit Realschulbildungsgang in Hessen. Im Schuljahr 2005\/2006 erhielt die MPS den Auftrag des Schulamtes, die neu eingef\u00fchrte 10. Hauptschulklasse f\u00fcr den n\u00f6rdlichsten Wetteraukreis zu \u00fcbernehmen. Dies bedeutete eine Erweiterung der Bildungsm\u00f6glichkeiten, denn von diesem Zeitpunkt an durften auch Absolventen der 9. Hauptschulklasse nach erfolgreichem Besuch der Klasse 10 H die Pr\u00fcfung zur Mittleren Reife absolvieren. Die MPS Oberer H\u00fcttenberg genie\u00dft auch einen guten Ruf als Ausbildungsschule f\u00fcr Referendare. Die Schule, die in den Siebzigerjahren \u00fcber 700 Sch\u00fcler hatte, legte aber schon immer Wert auf sportliche Ert\u00fcchtigung auch au\u00dferhalb des festgeschriebenen Schulsports. So gab es freiwillige Arbeitsgemeinschaften in den Sportarten Handball, Fu\u00dfball, Basketball und Tischtennis. Am Wettbewerb \u201eJugend trainiert f\u00fcr Olympia\u201c wurde in den genannten Sportarten und auch in den Sparten Leichtathletik und Schwimmen mit Erfolgt teilgenommen. Ein besonderer Schwerpunkt wurde auf Handball gelegt, denn mit Wolfgang Lowak stand ein qualifizierter \u00dcbungsleiter mit DHB-Lizenz zur Verf\u00fcgung. Neben vielen Kreis- und Bezirksmeistertiteln gab es auch zweimal den Gewinn der Hessenmeisterschaft und 2005 sogar f\u00fcr die Jungen der Wettkampfgruppe II die Teilnahme an den Deutschen Meisterschaften in Berlin. Dort belegte man in der Endabrechnung einen hervorragenden 6. Platz. Auf Initiative des Schulleiters Egon Fritz wurde gemeinsam mit den Sportlehrern die t\u00e4gliche Sportstunde in der 1. und 2. Klasse als fester Bestandteil des Stundenplans verankert. Traditionell fahren MPS-Sch\u00fcler donnerstags zum Schwimmen oder Schwimmen lernen in das Hallenbad nach Butzbach. Gepflegt wurde auch die deutsch-franz\u00f6sische Freundschaft durch einen fast 25 Jahre dauernden Austausch mit dem College du Parc im els\u00e4ssischen Illkirch\/Grafenstaden. Es kam zu vielen Begegnungen und andauernden Freundschaften zwischen deutschen und franz\u00f6sischen Sch\u00fclern und Lehrern. Sp\u00e4ter folge ein Austausch mit einer Schule in der N\u00e4he von Besancon, dem leider keine lange Laufzeit verg\u00f6nnt war. Diverse Feste, Projektwochen mit Pr\u00e4sentationen sind seit vielen Jahren an der MPS auf dem Programm und geben einen Einblick in die p\u00e4dagogische Arbeit, bei der auch der Computer im Unterricht eine gro\u00dfe Rolle spielt. In der Sch\u00fclerbibliothek gibt es ein gro\u00dfes Angebot an Lesestoff. Seit kurzer Zeit wird auch ein Ostercamp durchgef\u00fchrt. Seit zwei Jahren haben Sch\u00fcler der Klassen 9 und 10, deren Versetzung gef\u00e4hrdet ist oder die sich auf eine Abschlusspr\u00fcfung vorbereiten wollen, die M\u00f6glichkeit in einem Ostercamp ihr Wissen zu verbessern. Die Erfolge sprechen f\u00fcr sich. Die Schule im Gr\u00fcnen arbeitete stets eng mit Naturschutzgruppen und dem Obst- und Gartenbauverein zusammen. Mit deren Hilfe entstanden ein Feuchtbiotop mit Bachlauf, ein Schulgarten, ein Trockenbiotop und ein Klassenzimmer im Gr\u00fcnen. Betreut wurden auch zwei Bienenv\u00f6lker. Der Einsatz f\u00fcr die Umwelt wurde durch den World Wilde Fund for Nature und die Robert-Bosch-Stiftung unterst\u00fctzt.<\/p>\n\n\n<div class=\"wp-block-image\">\n<figure class=\"aligncenter size-full\"><img loading=\"lazy\" decoding=\"async\" width=\"512\" height=\"361\" src=\"https:\/\/875jahrekirchgoens.de\/wp-content\/uploads\/2025\/11\/grafik-241.png\" alt=\"\" class=\"wp-image-17554\" srcset=\"http:\/\/875jahrekirchgoens.de\/wp-content\/uploads\/2025\/11\/grafik-241.png 512w, http:\/\/875jahrekirchgoens.de\/wp-content\/uploads\/2025\/11\/grafik-241-300x212.png 300w\" sizes=\"auto, (max-width: 512px) 100vw, 512px\" \/><\/figure><\/div>\n\n\n<p>Im Juni 2007 fand die Aktivit\u00e4ten \u00f6ffentliche Anerkennung durch die Verleihung des Umweltpreises des Wetteraukreises. So wird in vielen schulischen Bereichen deutlich, dass die MPS lebt und noch viele weitere Jahre leben wird. Daf\u00fcr m\u00f6chten die Schulleitung mit der Rektorin Ute Siegel an der Spitze, mit der Konrektorin Anette Schliebener, die f\u00fcr den Grundschulbereich verantwortlich ist, mit F\u00f6rderstufenleiter G\u00fcnter Wachter und mit dem gesamten Kollegium auch in Zukunft Sorge tragen.<\/p>\n\n\n\n<p>Quelle und Bild: Butzbacher Zeitung vom 18. Juni 2008<\/p>\n","protected":false},"excerpt":{"rendered":"<p>Morgen wird das 40-j\u00e4hrige Bestehen gefeiert \/ Auch alle Ehemaligen sind eingeladen Am 1. September 1968 wurde die Mittelpunktschule Oberer H\u00fcttenberg in Kirch-\/Pohl-G\u00f6ns feierlich im Beisein zahlreicher G\u00e4ste eingeweiht. Der 40. Geburtstag wird am Donnerstag, 19. Juni, gefeiert. Der Hessische Landtag verabschiedete 1961 ein neues Schulverwaltungsgesetzt, dass eine Zentralisierung durch die Einrichtung von Mittelpunktschulen vorsah. &#8230; <a title=\"MPS Oberer H\u00fcttenberg \u00fcberstand bisher alle St\u00fcrme der Zeit\" class=\"read-more\" href=\"http:\/\/875jahrekirchgoens.de\/?p=17553\" aria-label=\"Mehr Informationen \u00fcber MPS Oberer H\u00fcttenberg \u00fcberstand bisher alle St\u00fcrme der Zeit\">Weiterlesen<\/a><\/p>\n","protected":false},"author":1,"featured_media":0,"comment_status":"closed","ping_status":"open","sticky":false,"template":"","format":"standard","meta":{"footnotes":""},"categories":[1],"tags":[],"class_list":["post-17553","post","type-post","status-publish","format-standard","hentry","category-infos"],"_links":{"self":[{"href":"http:\/\/875jahrekirchgoens.de\/index.php?rest_route=\/wp\/v2\/posts\/17553","targetHints":{"allow":["GET"]}}],"collection":[{"href":"http:\/\/875jahrekirchgoens.de\/index.php?rest_route=\/wp\/v2\/posts"}],"about":[{"href":"http:\/\/875jahrekirchgoens.de\/index.php?rest_route=\/wp\/v2\/types\/post"}],"author":[{"embeddable":true,"href":"http:\/\/875jahrekirchgoens.de\/index.php?rest_route=\/wp\/v2\/users\/1"}],"replies":[{"embeddable":true,"href":"http:\/\/875jahrekirchgoens.de\/index.php?rest_route=%2Fwp%2Fv2%2Fcomments&post=17553"}],"version-history":[{"count":1,"href":"http:\/\/875jahrekirchgoens.de\/index.php?rest_route=\/wp\/v2\/posts\/17553\/revisions"}],"predecessor-version":[{"id":17556,"href":"http:\/\/875jahrekirchgoens.de\/index.php?rest_route=\/wp\/v2\/posts\/17553\/revisions\/17556"}],"wp:attachment":[{"href":"http:\/\/875jahrekirchgoens.de\/index.php?rest_route=%2Fwp%2Fv2%2Fmedia&parent=17553"}],"wp:term":[{"taxonomy":"category","embeddable":true,"href":"http:\/\/875jahrekirchgoens.de\/index.php?rest_route=%2Fwp%2Fv2%2Fcategories&post=17553"},{"taxonomy":"post_tag","embeddable":true,"href":"http:\/\/875jahrekirchgoens.de\/index.php?rest_route=%2Fwp%2Fv2%2Ftags&post=17553"}],"curies":[{"name":"wp","href":"https:\/\/api.w.org\/{rel}","templated":true}]}}