{"id":17579,"date":"2025-11-22T10:24:26","date_gmt":"2025-11-22T10:24:26","guid":{"rendered":"https:\/\/875jahrekirchgoens.de\/?p=17579"},"modified":"2025-11-22T10:24:27","modified_gmt":"2025-11-22T10:24:27","slug":"volkstrauertag-in-kirch-goens","status":"publish","type":"post","link":"http:\/\/875jahrekirchgoens.de\/?p=17579","title":{"rendered":"Volkstrauertag in Kirch-G\u00f6ns"},"content":{"rendered":"\n<p>(Mz.) Am vergangenen Sonntag fand der 100te Volkstrauertag in der Bundesrepublik Deutschland statt. Hierzu hatte der Ortsbeirat Kirch-G\u00f6ns die Bev\u00f6lkerung und Vereinsvertreter am Sonntagvormittag zur Teilnahme am Kirch-G\u00f6nser Friedhof eingeladen. Geleitet wurde der Gottesdienst von Pfarrer David Lieder, mit musikalischer Unterst\u00fctzung von Nils Henkel, einer Gedenkrede des Ortsbeiratsvorsitzenden Stefan Euler und Redebeitr\u00e4ge von drei Konfirmandinnen. Nach dem Gottesdienst erfolgt am Kriegerdenkmal die Kranzniederlegung des Ortsbeirates und der Interessengemeinschaft der Kirch-G\u00f6nser Vereine und Gruppen. Die Kirch-G\u00f6nser Vereine pr\u00e4sentierten sich mit Ihren Vereinsfahnen.<\/p>\n\n\n\n<p>Bild: Amy Diehl \/ Kirch-G\u00f6ns<\/p>\n\n\n\n<figure class=\"wp-block-image size-large\"><img loading=\"lazy\" decoding=\"async\" width=\"576\" height=\"1024\" src=\"https:\/\/875jahrekirchgoens.de\/wp-content\/uploads\/2025\/11\/Volkstrauertag-2025-576x1024.jpeg\" alt=\"\" class=\"wp-image-17580\" srcset=\"http:\/\/875jahrekirchgoens.de\/wp-content\/uploads\/2025\/11\/Volkstrauertag-2025-576x1024.jpeg 576w, http:\/\/875jahrekirchgoens.de\/wp-content\/uploads\/2025\/11\/Volkstrauertag-2025-169x300.jpeg 169w, http:\/\/875jahrekirchgoens.de\/wp-content\/uploads\/2025\/11\/Volkstrauertag-2025-768x1365.jpeg 768w, http:\/\/875jahrekirchgoens.de\/wp-content\/uploads\/2025\/11\/Volkstrauertag-2025-864x1536.jpeg 864w, http:\/\/875jahrekirchgoens.de\/wp-content\/uploads\/2025\/11\/Volkstrauertag-2025.jpeg 900w\" sizes=\"auto, (max-width: 576px) 100vw, 576px\" \/><\/figure>\n","protected":false},"excerpt":{"rendered":"<p>(Mz.) Am vergangenen Sonntag fand der 100te Volkstrauertag in der Bundesrepublik Deutschland statt. Hierzu hatte der Ortsbeirat Kirch-G\u00f6ns die Bev\u00f6lkerung und Vereinsvertreter am Sonntagvormittag zur Teilnahme am Kirch-G\u00f6nser Friedhof eingeladen. Geleitet wurde der Gottesdienst von Pfarrer David Lieder, mit musikalischer Unterst\u00fctzung von Nils Henkel, einer Gedenkrede des Ortsbeiratsvorsitzenden Stefan Euler und Redebeitr\u00e4ge von drei Konfirmandinnen. &#8230; <a title=\"Volkstrauertag in Kirch-G\u00f6ns\" class=\"read-more\" href=\"http:\/\/875jahrekirchgoens.de\/?p=17579\" aria-label=\"Mehr Informationen \u00fcber Volkstrauertag in Kirch-G\u00f6ns\">Weiterlesen<\/a><\/p>\n","protected":false},"author":1,"featured_media":0,"comment_status":"closed","ping_status":"open","sticky":false,"template":"","format":"standard","meta":{"footnotes":""},"categories":[1],"tags":[],"class_list":["post-17579","post","type-post","status-publish","format-standard","hentry","category-infos"],"_links":{"self":[{"href":"http:\/\/875jahrekirchgoens.de\/index.php?rest_route=\/wp\/v2\/posts\/17579","targetHints":{"allow":["GET"]}}],"collection":[{"href":"http:\/\/875jahrekirchgoens.de\/index.php?rest_route=\/wp\/v2\/posts"}],"about":[{"href":"http:\/\/875jahrekirchgoens.de\/index.php?rest_route=\/wp\/v2\/types\/post"}],"author":[{"embeddable":true,"href":"http:\/\/875jahrekirchgoens.de\/index.php?rest_route=\/wp\/v2\/users\/1"}],"replies":[{"embeddable":true,"href":"http:\/\/875jahrekirchgoens.de\/index.php?rest_route=%2Fwp%2Fv2%2Fcomments&post=17579"}],"version-history":[{"count":1,"href":"http:\/\/875jahrekirchgoens.de\/index.php?rest_route=\/wp\/v2\/posts\/17579\/revisions"}],"predecessor-version":[{"id":17581,"href":"http:\/\/875jahrekirchgoens.de\/index.php?rest_route=\/wp\/v2\/posts\/17579\/revisions\/17581"}],"wp:attachment":[{"href":"http:\/\/875jahrekirchgoens.de\/index.php?rest_route=%2Fwp%2Fv2%2Fmedia&parent=17579"}],"wp:term":[{"taxonomy":"category","embeddable":true,"href":"http:\/\/875jahrekirchgoens.de\/index.php?rest_route=%2Fwp%2Fv2%2Fcategories&post=17579"},{"taxonomy":"post_tag","embeddable":true,"href":"http:\/\/875jahrekirchgoens.de\/index.php?rest_route=%2Fwp%2Fv2%2Ftags&post=17579"}],"curies":[{"name":"wp","href":"https:\/\/api.w.org\/{rel}","templated":true}]}}