{"id":17589,"date":"2009-01-16T22:20:00","date_gmt":"2009-01-16T22:20:00","guid":{"rendered":"https:\/\/875jahrekirchgoens.de\/?p=17589"},"modified":"2025-11-22T22:22:05","modified_gmt":"2025-11-22T22:22:05","slug":"in-kirch-goens-hat-das-schlachtfest-des-gesangvereins","status":"publish","type":"post","link":"http:\/\/875jahrekirchgoens.de\/?p=17589","title":{"rendered":"In Kirch-G\u00f6ns hat das Schlachtfest des Gesangvereins \u2026"},"content":{"rendered":"\n<figure class=\"wp-block-image size-full\"><img loading=\"lazy\" decoding=\"async\" width=\"1024\" height=\"777\" src=\"https:\/\/875jahrekirchgoens.de\/wp-content\/uploads\/2025\/11\/grafik-249.png\" alt=\"\" class=\"wp-image-17590\" srcset=\"http:\/\/875jahrekirchgoens.de\/wp-content\/uploads\/2025\/11\/grafik-249.png 1024w, http:\/\/875jahrekirchgoens.de\/wp-content\/uploads\/2025\/11\/grafik-249-300x228.png 300w, http:\/\/875jahrekirchgoens.de\/wp-content\/uploads\/2025\/11\/grafik-249-768x583.png 768w\" sizes=\"auto, (max-width: 1024px) 100vw, 1024px\" \/><\/figure>\n\n\n\n<p>\u2026 eine lange Tradition. Am vergangenen Samstag fanden sich wieder die Freunde deftiger Schlachtessen im Kirch-G\u00f6nser B\u00fcrgerhaus ein, wo Wellfleisch mit Sauerkraut und Brot, Hackbraten und Suppe serviert wurden. Nach dem Nachmittagskaffee, bei dem Waffeln angeboten wurden, lie\u00dfen sich abends die Besucher noch Schlachtplatten und Hausmacher Wurstplatten schmecken. Auch das Getr\u00e4nkeangebot lie\u00df keine W\u00fcnsche offen.<\/p>\n\n\n\n<p>Quelle und Bilder: Butzbacher Zeitung vom 16. Januar 2009<\/p>\n","protected":false},"excerpt":{"rendered":"<p>\u2026 eine lange Tradition. Am vergangenen Samstag fanden sich wieder die Freunde deftiger Schlachtessen im Kirch-G\u00f6nser B\u00fcrgerhaus ein, wo Wellfleisch mit Sauerkraut und Brot, Hackbraten und Suppe serviert wurden. Nach dem Nachmittagskaffee, bei dem Waffeln angeboten wurden, lie\u00dfen sich abends die Besucher noch Schlachtplatten und Hausmacher Wurstplatten schmecken. Auch das Getr\u00e4nkeangebot lie\u00df keine W\u00fcnsche offen. &#8230; <a title=\"In Kirch-G\u00f6ns hat das Schlachtfest des Gesangvereins \u2026\" class=\"read-more\" href=\"http:\/\/875jahrekirchgoens.de\/?p=17589\" aria-label=\"Mehr Informationen \u00fcber In Kirch-G\u00f6ns hat das Schlachtfest des Gesangvereins \u2026\">Weiterlesen<\/a><\/p>\n","protected":false},"author":1,"featured_media":0,"comment_status":"closed","ping_status":"open","sticky":false,"template":"","format":"standard","meta":{"footnotes":""},"categories":[1],"tags":[],"class_list":["post-17589","post","type-post","status-publish","format-standard","hentry","category-infos"],"_links":{"self":[{"href":"http:\/\/875jahrekirchgoens.de\/index.php?rest_route=\/wp\/v2\/posts\/17589","targetHints":{"allow":["GET"]}}],"collection":[{"href":"http:\/\/875jahrekirchgoens.de\/index.php?rest_route=\/wp\/v2\/posts"}],"about":[{"href":"http:\/\/875jahrekirchgoens.de\/index.php?rest_route=\/wp\/v2\/types\/post"}],"author":[{"embeddable":true,"href":"http:\/\/875jahrekirchgoens.de\/index.php?rest_route=\/wp\/v2\/users\/1"}],"replies":[{"embeddable":true,"href":"http:\/\/875jahrekirchgoens.de\/index.php?rest_route=%2Fwp%2Fv2%2Fcomments&post=17589"}],"version-history":[{"count":1,"href":"http:\/\/875jahrekirchgoens.de\/index.php?rest_route=\/wp\/v2\/posts\/17589\/revisions"}],"predecessor-version":[{"id":17591,"href":"http:\/\/875jahrekirchgoens.de\/index.php?rest_route=\/wp\/v2\/posts\/17589\/revisions\/17591"}],"wp:attachment":[{"href":"http:\/\/875jahrekirchgoens.de\/index.php?rest_route=%2Fwp%2Fv2%2Fmedia&parent=17589"}],"wp:term":[{"taxonomy":"category","embeddable":true,"href":"http:\/\/875jahrekirchgoens.de\/index.php?rest_route=%2Fwp%2Fv2%2Fcategories&post=17589"},{"taxonomy":"post_tag","embeddable":true,"href":"http:\/\/875jahrekirchgoens.de\/index.php?rest_route=%2Fwp%2Fv2%2Ftags&post=17589"}],"curies":[{"name":"wp","href":"https:\/\/api.w.org\/{rel}","templated":true}]}}