{"id":17593,"date":"2009-02-14T22:25:00","date_gmt":"2009-02-14T22:25:00","guid":{"rendered":"https:\/\/875jahrekirchgoens.de\/?p=17593"},"modified":"2025-11-22T22:27:25","modified_gmt":"2025-11-22T22:27:25","slug":"helferabend-beim-heimat-und-backhausverein","status":"publish","type":"post","link":"http:\/\/875jahrekirchgoens.de\/?p=17593","title":{"rendered":"Helferabend beim Heimat- und Backhausverein"},"content":{"rendered":"\n<p>Am Samstag hatte der Heimat- und Backhausverein Kirch-G\u00f6ns alle Helfer beim Backhausfest, aber auch Jahresablauf zu einem gemeinsamen Pizzaessen eingeladen. Die Auswahl war riesengro\u00df. Besonders begr\u00fc\u00dfte der Vereinsvorsitzende G\u00fcnter Weber die Eltern-Kind-Gruppe. Die erste Vereinsveranstaltung im neuen Jahr ging nach dem Essen, als alle Pizzableche vertilgt und die Portionen zum Mitnehmen verpackt waren, in einen gem\u00fctlichen Plausch \u00fcber. Weber dankte der \u201ePizzab\u00e4ckerin\u201c Ediht Weber und den Vereinsfrauen f\u00fcr das Belegen des Teiges. Das Backhaus war am Vortag von den \u201eHeizern\u201c Bernd M\u00fcller und Willi Fuchs mit \u201eWellchen\u201c und Scheitholz fachgerecht angeheizt worden. Edith Weber schon etliche Bleche in den Ofen, die nach dem Ausbacken auf einem h\u00f6lzernen Tragegestell ins nahe B\u00fcrgerhaus kamen. Dort erinnerte G\u00fcnter Weber an den \u201eH\u00fcttenberger Tag\u201c an Pfingsten im Freilichtmuseum \u201eHessenpart\u201c bei Neu-Anspach und lud die Anwesenden zu einer weiteren Veranstaltung seines Vereins im B\u00fcrgerhaus ein. Am Sonntag, 5. April, 14.00 Uhr findet ein Kaffeetrinken mit Darbietungen statt. Hierzu ist die Bev\u00f6lkerung herzlich eingeladen.<\/p>\n\n\n<div class=\"wp-block-image\">\n<figure class=\"aligncenter size-full\"><img loading=\"lazy\" decoding=\"async\" width=\"512\" height=\"371\" src=\"https:\/\/875jahrekirchgoens.de\/wp-content\/uploads\/2025\/11\/grafik-250.png\" alt=\"\" class=\"wp-image-17594\" srcset=\"http:\/\/875jahrekirchgoens.de\/wp-content\/uploads\/2025\/11\/grafik-250.png 512w, http:\/\/875jahrekirchgoens.de\/wp-content\/uploads\/2025\/11\/grafik-250-300x217.png 300w\" sizes=\"auto, (max-width: 512px) 100vw, 512px\" \/><\/figure><\/div>\n\n\n<p>Quelle und Bild: Archiv Heimat- und Backhausverein Kirch-G\u00f6ns vom 14. Februar 2009<\/p>\n","protected":false},"excerpt":{"rendered":"<p>Am Samstag hatte der Heimat- und Backhausverein Kirch-G\u00f6ns alle Helfer beim Backhausfest, aber auch Jahresablauf zu einem gemeinsamen Pizzaessen eingeladen. Die Auswahl war riesengro\u00df. Besonders begr\u00fc\u00dfte der Vereinsvorsitzende G\u00fcnter Weber die Eltern-Kind-Gruppe. Die erste Vereinsveranstaltung im neuen Jahr ging nach dem Essen, als alle Pizzableche vertilgt und die Portionen zum Mitnehmen verpackt waren, in einen &#8230; <a title=\"Helferabend beim Heimat- und Backhausverein\" class=\"read-more\" href=\"http:\/\/875jahrekirchgoens.de\/?p=17593\" aria-label=\"Mehr Informationen \u00fcber Helferabend beim Heimat- und Backhausverein\">Weiterlesen<\/a><\/p>\n","protected":false},"author":1,"featured_media":0,"comment_status":"closed","ping_status":"open","sticky":false,"template":"","format":"standard","meta":{"footnotes":""},"categories":[1],"tags":[],"class_list":["post-17593","post","type-post","status-publish","format-standard","hentry","category-infos"],"_links":{"self":[{"href":"http:\/\/875jahrekirchgoens.de\/index.php?rest_route=\/wp\/v2\/posts\/17593","targetHints":{"allow":["GET"]}}],"collection":[{"href":"http:\/\/875jahrekirchgoens.de\/index.php?rest_route=\/wp\/v2\/posts"}],"about":[{"href":"http:\/\/875jahrekirchgoens.de\/index.php?rest_route=\/wp\/v2\/types\/post"}],"author":[{"embeddable":true,"href":"http:\/\/875jahrekirchgoens.de\/index.php?rest_route=\/wp\/v2\/users\/1"}],"replies":[{"embeddable":true,"href":"http:\/\/875jahrekirchgoens.de\/index.php?rest_route=%2Fwp%2Fv2%2Fcomments&post=17593"}],"version-history":[{"count":1,"href":"http:\/\/875jahrekirchgoens.de\/index.php?rest_route=\/wp\/v2\/posts\/17593\/revisions"}],"predecessor-version":[{"id":17595,"href":"http:\/\/875jahrekirchgoens.de\/index.php?rest_route=\/wp\/v2\/posts\/17593\/revisions\/17595"}],"wp:attachment":[{"href":"http:\/\/875jahrekirchgoens.de\/index.php?rest_route=%2Fwp%2Fv2%2Fmedia&parent=17593"}],"wp:term":[{"taxonomy":"category","embeddable":true,"href":"http:\/\/875jahrekirchgoens.de\/index.php?rest_route=%2Fwp%2Fv2%2Fcategories&post=17593"},{"taxonomy":"post_tag","embeddable":true,"href":"http:\/\/875jahrekirchgoens.de\/index.php?rest_route=%2Fwp%2Fv2%2Ftags&post=17593"}],"curies":[{"name":"wp","href":"https:\/\/api.w.org\/{rel}","templated":true}]}}