{"id":17602,"date":"2009-10-19T22:47:00","date_gmt":"2009-10-19T22:47:00","guid":{"rendered":"https:\/\/875jahrekirchgoens.de\/?p=17602"},"modified":"2025-11-22T22:48:48","modified_gmt":"2025-11-22T22:48:48","slug":"auf-der-kirmes-kennengelernt","status":"publish","type":"post","link":"http:\/\/875jahrekirchgoens.de\/?p=17602","title":{"rendered":"Auf der Kirmes kennengelernt"},"content":{"rendered":"\n<p><em>Horst und Anni Wagner feierten goldene Hochzeit<\/em><\/p>\n\n\n\n<p>Ihre goldene Hochzeit feierten am Samstag die Eheleute Horst und Anni Wagner, geb. Bill. Der geb\u00fcrtige Kirch-G\u00f6nser und seine aus Nieder-Weisel stammende Ehefrau wurden am 17. Oktober 1959 von Pfarrer Dr. Dr. Otto Opper in der Kirch-G\u00f6nser Kirche getraut, einen Tag nach der standesamtlichen Eheschlie\u00dfung durch B\u00fcrgermeister Reinhard Hanack. Zur Kirche fuhren die Brautleute vor 50 Jahren in einer sechssp\u00e4nnigen Kutsche begleitet von 10 Reitern. Die damals 23 und 20 Jahre alten Eheleute hatten sich Jahre zuvor auf einer Kirmes in Kirch-G\u00f6ns kennen gelernt. Sie blieben auch dank der guten Zugverbindung zwischen Kirch-G\u00f6ns und Ostheim\/Nieder-Weisel in Verbindung, denn Autos waren damals noch rar. Den vom Gesangverein umrahmten Dankgottesdienst zum 50-j\u00e4hrigen Ehejubil\u00e4um hielt Pfarrer William Thum mit einer Andacht. Anschlie\u00dfend war eine gro\u00dfe G\u00e4steschar zum Schmaus in der Gastst\u00e4tte Philipp nach Leihgestern eingeladen.<\/p>\n\n\n<div class=\"wp-block-image\">\n<figure class=\"aligncenter size-full\"><img loading=\"lazy\" decoding=\"async\" width=\"512\" height=\"473\" src=\"https:\/\/875jahrekirchgoens.de\/wp-content\/uploads\/2025\/11\/grafik-253.png\" alt=\"\" class=\"wp-image-17603\" srcset=\"http:\/\/875jahrekirchgoens.de\/wp-content\/uploads\/2025\/11\/grafik-253.png 512w, http:\/\/875jahrekirchgoens.de\/wp-content\/uploads\/2025\/11\/grafik-253-300x277.png 300w\" sizes=\"auto, (max-width: 512px) 100vw, 512px\" \/><\/figure><\/div>\n\n\n<p>Horst und Anni Wagner f\u00fchrten bis 1998 einen landwirtschaftlichen Betrieb mit Viehhandel und Ackerbau, den seither Sohn Volker und Schwiegertochter Martina weiter betreiben. Die beiden \u201eAltenteiler\u201c helfen aber noch jeden Tag eifrig mit. Goldhochzeiter Horst Wagner bezeichnet den Chorgesang als sein liebstes Hobby. Seit seinem 18. Lebensjahr geh\u00f6rt er dem Gesangverein 1862 Kirch-G\u00f6ns als Tenor an. Seine Ehefrau Anni liebt die Arbeit in ihrem gro\u00dfen Garten und die Handarbeit. <\/p>\n\n\n\n<p>Quelle und Bild: Butzbacher Zeitung vom 19. Oktober 2009<\/p>\n","protected":false},"excerpt":{"rendered":"<p>Horst und Anni Wagner feierten goldene Hochzeit Ihre goldene Hochzeit feierten am Samstag die Eheleute Horst und Anni Wagner, geb. Bill. Der geb\u00fcrtige Kirch-G\u00f6nser und seine aus Nieder-Weisel stammende Ehefrau wurden am 17. Oktober 1959 von Pfarrer Dr. Dr. Otto Opper in der Kirch-G\u00f6nser Kirche getraut, einen Tag nach der standesamtlichen Eheschlie\u00dfung durch B\u00fcrgermeister Reinhard &#8230; <a title=\"Auf der Kirmes kennengelernt\" class=\"read-more\" href=\"http:\/\/875jahrekirchgoens.de\/?p=17602\" aria-label=\"Mehr Informationen \u00fcber Auf der Kirmes kennengelernt\">Weiterlesen<\/a><\/p>\n","protected":false},"author":1,"featured_media":0,"comment_status":"closed","ping_status":"open","sticky":false,"template":"","format":"standard","meta":{"footnotes":""},"categories":[1],"tags":[],"class_list":["post-17602","post","type-post","status-publish","format-standard","hentry","category-infos"],"_links":{"self":[{"href":"http:\/\/875jahrekirchgoens.de\/index.php?rest_route=\/wp\/v2\/posts\/17602","targetHints":{"allow":["GET"]}}],"collection":[{"href":"http:\/\/875jahrekirchgoens.de\/index.php?rest_route=\/wp\/v2\/posts"}],"about":[{"href":"http:\/\/875jahrekirchgoens.de\/index.php?rest_route=\/wp\/v2\/types\/post"}],"author":[{"embeddable":true,"href":"http:\/\/875jahrekirchgoens.de\/index.php?rest_route=\/wp\/v2\/users\/1"}],"replies":[{"embeddable":true,"href":"http:\/\/875jahrekirchgoens.de\/index.php?rest_route=%2Fwp%2Fv2%2Fcomments&post=17602"}],"version-history":[{"count":1,"href":"http:\/\/875jahrekirchgoens.de\/index.php?rest_route=\/wp\/v2\/posts\/17602\/revisions"}],"predecessor-version":[{"id":17604,"href":"http:\/\/875jahrekirchgoens.de\/index.php?rest_route=\/wp\/v2\/posts\/17602\/revisions\/17604"}],"wp:attachment":[{"href":"http:\/\/875jahrekirchgoens.de\/index.php?rest_route=%2Fwp%2Fv2%2Fmedia&parent=17602"}],"wp:term":[{"taxonomy":"category","embeddable":true,"href":"http:\/\/875jahrekirchgoens.de\/index.php?rest_route=%2Fwp%2Fv2%2Fcategories&post=17602"},{"taxonomy":"post_tag","embeddable":true,"href":"http:\/\/875jahrekirchgoens.de\/index.php?rest_route=%2Fwp%2Fv2%2Ftags&post=17602"}],"curies":[{"name":"wp","href":"https:\/\/api.w.org\/{rel}","templated":true}]}}