{"id":17606,"date":"2009-10-29T22:51:00","date_gmt":"2009-10-29T22:51:00","guid":{"rendered":"https:\/\/875jahrekirchgoens.de\/?p=17606"},"modified":"2025-11-22T22:53:01","modified_gmt":"2025-11-22T22:53:01","slug":"vereinsgottesdienst-in-kirch-goens","status":"publish","type":"post","link":"http:\/\/875jahrekirchgoens.de\/?p=17606","title":{"rendered":"Vereinsgottesdienst in Kirch-G\u00f6ns"},"content":{"rendered":"\n<p>Zum diesj\u00e4hrigen Vereinsgottesdienst hatte die evangelische Kirchengemeinde Kirch-G\u00f6ns am Sonntag, 25. Oktober 2009, eingeladen. Erstmalig waren auch mit dem Turnverein, Sch\u00fctzenverein, Gesangverein und Freiwilliger Feuerwehr Abordnungen mit ihren Vereinsfahnen erschienen. Die Fahnen wurden hinter dem Altar aufgestellt. Laut Pfarrer William Thum soll dieser neue Brauch auch in den n\u00e4chsten Jahren fortgesetzt werden. Weiter nahmen Abordnungen von Musik- und Fanfarenzug, ABC-Club, Landeskirchliche Gemeinschaft, SPD, Kleintierzuchtverein, Wander- und Radfahrclub, Heimat- und Backhausverein, Kirchenvorstand, Ortsbeirat und HSG Kirch-\/Pohl-G\u00f6ns\/Butzbach an dem Gottesdienst teil. Der Kirch-G\u00f6nser Gesangverein begleitete den Gottesdienst mit zwei Liedern. Dirigent Patrick Stinka war gleichzeitig auch als Organist aktiv. Zu Beginn des Gottesdienstes wurde der kleine Jakob Lasse Hankel durch seien Taufe in die christliche Gemeinschaft aufgenommen. Die Predigt von Pfarrer Thum hatte das geheiligte Leben zum Thema.<\/p>\n\n\n<div class=\"wp-block-image\">\n<figure class=\"aligncenter size-full\"><img loading=\"lazy\" decoding=\"async\" width=\"512\" height=\"380\" src=\"https:\/\/875jahrekirchgoens.de\/wp-content\/uploads\/2025\/11\/grafik-254.png\" alt=\"\" class=\"wp-image-17607\" srcset=\"http:\/\/875jahrekirchgoens.de\/wp-content\/uploads\/2025\/11\/grafik-254.png 512w, http:\/\/875jahrekirchgoens.de\/wp-content\/uploads\/2025\/11\/grafik-254-300x223.png 300w\" sizes=\"auto, (max-width: 512px) 100vw, 512px\" \/><\/figure><\/div>\n\n\n<p>Wie man es leben sollte und welche Auswirkungen es auf den Alltag der Menschen haben kann. Die F\u00fcrbitten wurden von Vertreterinnen und Vertreter der beteiligten Vereine gesprochen. Nach dem Gottesdienst trafen sich etliche Teilnehmer in der Gastst\u00e4tte \u201eMaiwald\u201c zu einem kleinen Umtrunk mit Erfahrungsaustausch und nahmen ein gemeinsames Mittagessen ein. <\/p>\n\n\n\n<p>Quelle und Bild: Archiv Heimat- und Backhausverein Kirch-G\u00f6ns 29. Oktober 2009<\/p>\n","protected":false},"excerpt":{"rendered":"<p>Zum diesj\u00e4hrigen Vereinsgottesdienst hatte die evangelische Kirchengemeinde Kirch-G\u00f6ns am Sonntag, 25. Oktober 2009, eingeladen. Erstmalig waren auch mit dem Turnverein, Sch\u00fctzenverein, Gesangverein und Freiwilliger Feuerwehr Abordnungen mit ihren Vereinsfahnen erschienen. Die Fahnen wurden hinter dem Altar aufgestellt. Laut Pfarrer William Thum soll dieser neue Brauch auch in den n\u00e4chsten Jahren fortgesetzt werden. Weiter nahmen Abordnungen &#8230; <a title=\"Vereinsgottesdienst in Kirch-G\u00f6ns\" class=\"read-more\" href=\"http:\/\/875jahrekirchgoens.de\/?p=17606\" aria-label=\"Mehr Informationen \u00fcber Vereinsgottesdienst in Kirch-G\u00f6ns\">Weiterlesen<\/a><\/p>\n","protected":false},"author":1,"featured_media":0,"comment_status":"closed","ping_status":"open","sticky":false,"template":"","format":"standard","meta":{"footnotes":""},"categories":[1],"tags":[],"class_list":["post-17606","post","type-post","status-publish","format-standard","hentry","category-infos"],"_links":{"self":[{"href":"http:\/\/875jahrekirchgoens.de\/index.php?rest_route=\/wp\/v2\/posts\/17606","targetHints":{"allow":["GET"]}}],"collection":[{"href":"http:\/\/875jahrekirchgoens.de\/index.php?rest_route=\/wp\/v2\/posts"}],"about":[{"href":"http:\/\/875jahrekirchgoens.de\/index.php?rest_route=\/wp\/v2\/types\/post"}],"author":[{"embeddable":true,"href":"http:\/\/875jahrekirchgoens.de\/index.php?rest_route=\/wp\/v2\/users\/1"}],"replies":[{"embeddable":true,"href":"http:\/\/875jahrekirchgoens.de\/index.php?rest_route=%2Fwp%2Fv2%2Fcomments&post=17606"}],"version-history":[{"count":1,"href":"http:\/\/875jahrekirchgoens.de\/index.php?rest_route=\/wp\/v2\/posts\/17606\/revisions"}],"predecessor-version":[{"id":17608,"href":"http:\/\/875jahrekirchgoens.de\/index.php?rest_route=\/wp\/v2\/posts\/17606\/revisions\/17608"}],"wp:attachment":[{"href":"http:\/\/875jahrekirchgoens.de\/index.php?rest_route=%2Fwp%2Fv2%2Fmedia&parent=17606"}],"wp:term":[{"taxonomy":"category","embeddable":true,"href":"http:\/\/875jahrekirchgoens.de\/index.php?rest_route=%2Fwp%2Fv2%2Fcategories&post=17606"},{"taxonomy":"post_tag","embeddable":true,"href":"http:\/\/875jahrekirchgoens.de\/index.php?rest_route=%2Fwp%2Fv2%2Ftags&post=17606"}],"curies":[{"name":"wp","href":"https:\/\/api.w.org\/{rel}","templated":true}]}}