{"id":17610,"date":"2009-11-22T22:56:00","date_gmt":"2009-11-22T22:56:00","guid":{"rendered":"https:\/\/875jahrekirchgoens.de\/?p=17610"},"modified":"2025-11-22T22:57:07","modified_gmt":"2025-11-22T22:57:07","slug":"neue-wuerdentraeger-ute-maiwald-und-ralf-winter","status":"publish","type":"post","link":"http:\/\/875jahrekirchgoens.de\/?p=17610","title":{"rendered":"Neue W\u00fcrdentr\u00e4ger: Ute Maiwald und Ralf Winter"},"content":{"rendered":"\n<p>Traditionell im Herbst ist die Zeit des K\u00f6nigsschie\u00dfens im Sch\u00fctzenverein Kirch-G\u00f6ns. Sch\u00fctzinnen, Jugendliche und Sch\u00fctzen nehmen gleichzeitig und auf parallelen St\u00e4nden die sportliche Jagd auf die K\u00f6nigsw\u00fcrden auf, heuer zum 47. Mal in der Vereinsgeschichte. Es sollte das Schie\u00dfen der \u201eK\u00f6nige\u201c werden \u2013 nach der letzten Entscheidung stand fest, dass alle Sieger und Platzierte bereits K\u00f6niginnen und K\u00f6nige im Verein waren. Alle Entscheidungen fielen innerhalb einer dreiviertel Stunde. F\u00fcr die intensive Spannung sorgten wieder einmal die Jugendlichen. Es waren 168 Sch\u00fcsse in fast 2,5 Stunden erforderlich, bis der neue Prinz, Moritz Otto, feststand. Und es sollte f\u00fcr den \u201eBezwinger\u201c des Zepters nicht der einzige Sieg sein an diesem Abend. Die schnellste Entscheidung schafften die Herren. Nach rekordverd\u00e4chtigen 55 Minuten und 77 Sch\u00fcssen stand der neue Sch\u00fctzenk\u00f6nig Ralf Winter fest. Nach einer fast endlosen Phase des Zielens war es ein wahrer Meisterschuss auf die Krone, der ihm den zweiten K\u00f6nigstitel nach 2001 bescherte. Er und \u201eseine\u201c beiden Ritter, der Vorjahresk\u00f6nig Peter Maiwald und Frank Will, sorgten daf\u00fcr, dass die Herren recht schnell und entspannt den \u201egem\u00fctlichen Teil\u201c des Abends einl\u00e4uteten. Kaum war der Siegesjubel der Herren verklungen, deutete sich bei den Damen auch deren Entscheidung an. Auch hier ging es rekordverd\u00e4chtig schnell. Es sollte der exakt 99. Schuss sein, mit dem die Vorjahresk\u00f6nigin Ute Maiwald ihren Titel verteidigte und jetzt schon vierfache K\u00f6nigin in der Vereinsgeschichte ist. F\u00fcr die ausgesprochen gute Vorarbeit wurde Ingrid Herbel mit dem Titel der Hofdame belohnt. Bei der K\u00f6nigsproklamation konnte der Vorsitzende Hagen Heinz und Sch\u00fctzenmeister Christian M\u00fcll dem diesj\u00e4hrigen Prinzen Moritz Otto den Rudi-Stecher-Pokal \u00fcberreichen. Nach diesem spannungsvollen Schie\u00dfen und der anschlie\u00dfenden Proklamation der W\u00fcrdentr\u00e4ger wurden die Geehrten von den \u201eSch\u00fctzen-Untertanen\u201c noch geb\u00fchrend gefeiert.<\/p>\n\n\n<div class=\"wp-block-image\">\n<figure class=\"aligncenter size-full\"><img loading=\"lazy\" decoding=\"async\" width=\"512\" height=\"355\" src=\"https:\/\/875jahrekirchgoens.de\/wp-content\/uploads\/2025\/11\/grafik-255.png\" alt=\"\" class=\"wp-image-17611\" srcset=\"http:\/\/875jahrekirchgoens.de\/wp-content\/uploads\/2025\/11\/grafik-255.png 512w, http:\/\/875jahrekirchgoens.de\/wp-content\/uploads\/2025\/11\/grafik-255-300x208.png 300w\" sizes=\"auto, (max-width: 512px) 100vw, 512px\" \/><\/figure><\/div>\n\n\n<p>Die K\u00f6nigsfamilie 2009 im Sch\u00fctzenverein Kirch-G\u00f6ns: (v. l.) Prinz und Gewinner des Rudi-Stecher-Pokals Moritz Ottto, <br>2. Ritter Frank Will, 1. Ritter Klaus-Peter Maiwald, Sch\u00fctzenk\u00f6nigin Ute Maiwald, Sch\u00fctzenk\u00f6nig Ralf Winter <br>und Hofdame Ingrid Herbel.<\/p>\n\n\n\n<p>Quelle und Bild: Butzbacher Zeitung vom 21. November 2009<\/p>\n\n\n\n<p><\/p>\n","protected":false},"excerpt":{"rendered":"<p>Traditionell im Herbst ist die Zeit des K\u00f6nigsschie\u00dfens im Sch\u00fctzenverein Kirch-G\u00f6ns. Sch\u00fctzinnen, Jugendliche und Sch\u00fctzen nehmen gleichzeitig und auf parallelen St\u00e4nden die sportliche Jagd auf die K\u00f6nigsw\u00fcrden auf, heuer zum 47. Mal in der Vereinsgeschichte. Es sollte das Schie\u00dfen der \u201eK\u00f6nige\u201c werden \u2013 nach der letzten Entscheidung stand fest, dass alle Sieger und Platzierte bereits &#8230; <a title=\"Neue W\u00fcrdentr\u00e4ger: Ute Maiwald und Ralf Winter\" class=\"read-more\" href=\"http:\/\/875jahrekirchgoens.de\/?p=17610\" aria-label=\"Mehr Informationen \u00fcber Neue W\u00fcrdentr\u00e4ger: Ute Maiwald und Ralf Winter\">Weiterlesen<\/a><\/p>\n","protected":false},"author":1,"featured_media":0,"comment_status":"closed","ping_status":"open","sticky":false,"template":"","format":"standard","meta":{"footnotes":""},"categories":[1],"tags":[],"class_list":["post-17610","post","type-post","status-publish","format-standard","hentry","category-infos"],"_links":{"self":[{"href":"http:\/\/875jahrekirchgoens.de\/index.php?rest_route=\/wp\/v2\/posts\/17610","targetHints":{"allow":["GET"]}}],"collection":[{"href":"http:\/\/875jahrekirchgoens.de\/index.php?rest_route=\/wp\/v2\/posts"}],"about":[{"href":"http:\/\/875jahrekirchgoens.de\/index.php?rest_route=\/wp\/v2\/types\/post"}],"author":[{"embeddable":true,"href":"http:\/\/875jahrekirchgoens.de\/index.php?rest_route=\/wp\/v2\/users\/1"}],"replies":[{"embeddable":true,"href":"http:\/\/875jahrekirchgoens.de\/index.php?rest_route=%2Fwp%2Fv2%2Fcomments&post=17610"}],"version-history":[{"count":1,"href":"http:\/\/875jahrekirchgoens.de\/index.php?rest_route=\/wp\/v2\/posts\/17610\/revisions"}],"predecessor-version":[{"id":17612,"href":"http:\/\/875jahrekirchgoens.de\/index.php?rest_route=\/wp\/v2\/posts\/17610\/revisions\/17612"}],"wp:attachment":[{"href":"http:\/\/875jahrekirchgoens.de\/index.php?rest_route=%2Fwp%2Fv2%2Fmedia&parent=17610"}],"wp:term":[{"taxonomy":"category","embeddable":true,"href":"http:\/\/875jahrekirchgoens.de\/index.php?rest_route=%2Fwp%2Fv2%2Fcategories&post=17610"},{"taxonomy":"post_tag","embeddable":true,"href":"http:\/\/875jahrekirchgoens.de\/index.php?rest_route=%2Fwp%2Fv2%2Ftags&post=17610"}],"curies":[{"name":"wp","href":"https:\/\/api.w.org\/{rel}","templated":true}]}}