{"id":17626,"date":"2010-03-15T12:11:00","date_gmt":"2010-03-15T12:11:00","guid":{"rendered":"https:\/\/875jahrekirchgoens.de\/?p=17626"},"modified":"2025-11-23T12:13:14","modified_gmt":"2025-11-23T12:13:14","slug":"goldene-konfirmation-feierten","status":"publish","type":"post","link":"http:\/\/875jahrekirchgoens.de\/?p=17626","title":{"rendered":"Goldene Konfirmation feierten \u2026"},"content":{"rendered":"<div class=\"wp-block-image\">\n<figure class=\"aligncenter size-full\"><img loading=\"lazy\" decoding=\"async\" width=\"512\" height=\"443\" src=\"https:\/\/875jahrekirchgoens.de\/wp-content\/uploads\/2025\/11\/grafik-259.png\" alt=\"\" class=\"wp-image-17627\" srcset=\"http:\/\/875jahrekirchgoens.de\/wp-content\/uploads\/2025\/11\/grafik-259.png 512w, http:\/\/875jahrekirchgoens.de\/wp-content\/uploads\/2025\/11\/grafik-259-300x260.png 300w\" sizes=\"auto, (max-width: 512px) 100vw, 512px\" \/><\/figure><\/div>\n\n\n<p>\u2026 am vergangenen Sonntag gemeinsam in der evangelischen Kirche in Kirch-G\u00f6ns die Konfirmanden des Jahres 1960 aus Pohl-G\u00f6ns und Kirch-G\u00f6ns (v. l.): Richard Schepp, Waltraud Spie\u00df, Reinhard G\u00fcmbel, Ursula M\u00fcller, Burkhard Z\u00f6rb und Gudrun Ke\u00dfler. Pfarrer William Thum (rechts) schloss in der F\u00fcrbitte die bereits verstorbenen Konfirmanden Willi Br\u00fcckel, Rolf Gro\u00dfjohann, Alfred Jeide, Anita M\u00fcller und Horst Weyel mit ein. Krankheitshalber konnte Harald Heil, geb. Selvelieff, nicht am Gottesdienst teilnehmen, der mit dem Heiligen Abendmahl beendet wurde.<\/p>\n\n\n\n<p>Quelle und Bild: Butzbacher Zeitung vom 15. M\u00e4rz 2010<\/p>\n","protected":false},"excerpt":{"rendered":"<p>\u2026 am vergangenen Sonntag gemeinsam in der evangelischen Kirche in Kirch-G\u00f6ns die Konfirmanden des Jahres 1960 aus Pohl-G\u00f6ns und Kirch-G\u00f6ns (v. l.): Richard Schepp, Waltraud Spie\u00df, Reinhard G\u00fcmbel, Ursula M\u00fcller, Burkhard Z\u00f6rb und Gudrun Ke\u00dfler. Pfarrer William Thum (rechts) schloss in der F\u00fcrbitte die bereits verstorbenen Konfirmanden Willi Br\u00fcckel, Rolf Gro\u00dfjohann, Alfred Jeide, Anita M\u00fcller &#8230; <a title=\"Goldene Konfirmation feierten \u2026\" class=\"read-more\" href=\"http:\/\/875jahrekirchgoens.de\/?p=17626\" aria-label=\"Mehr Informationen \u00fcber Goldene Konfirmation feierten \u2026\">Weiterlesen<\/a><\/p>\n","protected":false},"author":1,"featured_media":0,"comment_status":"closed","ping_status":"open","sticky":false,"template":"","format":"standard","meta":{"footnotes":""},"categories":[1],"tags":[],"class_list":["post-17626","post","type-post","status-publish","format-standard","hentry","category-infos"],"_links":{"self":[{"href":"http:\/\/875jahrekirchgoens.de\/index.php?rest_route=\/wp\/v2\/posts\/17626","targetHints":{"allow":["GET"]}}],"collection":[{"href":"http:\/\/875jahrekirchgoens.de\/index.php?rest_route=\/wp\/v2\/posts"}],"about":[{"href":"http:\/\/875jahrekirchgoens.de\/index.php?rest_route=\/wp\/v2\/types\/post"}],"author":[{"embeddable":true,"href":"http:\/\/875jahrekirchgoens.de\/index.php?rest_route=\/wp\/v2\/users\/1"}],"replies":[{"embeddable":true,"href":"http:\/\/875jahrekirchgoens.de\/index.php?rest_route=%2Fwp%2Fv2%2Fcomments&post=17626"}],"version-history":[{"count":1,"href":"http:\/\/875jahrekirchgoens.de\/index.php?rest_route=\/wp\/v2\/posts\/17626\/revisions"}],"predecessor-version":[{"id":17628,"href":"http:\/\/875jahrekirchgoens.de\/index.php?rest_route=\/wp\/v2\/posts\/17626\/revisions\/17628"}],"wp:attachment":[{"href":"http:\/\/875jahrekirchgoens.de\/index.php?rest_route=%2Fwp%2Fv2%2Fmedia&parent=17626"}],"wp:term":[{"taxonomy":"category","embeddable":true,"href":"http:\/\/875jahrekirchgoens.de\/index.php?rest_route=%2Fwp%2Fv2%2Fcategories&post=17626"},{"taxonomy":"post_tag","embeddable":true,"href":"http:\/\/875jahrekirchgoens.de\/index.php?rest_route=%2Fwp%2Fv2%2Ftags&post=17626"}],"curies":[{"name":"wp","href":"https:\/\/api.w.org\/{rel}","templated":true}]}}