{"id":17630,"date":"2010-03-19T12:15:00","date_gmt":"2010-03-19T12:15:00","guid":{"rendered":"https:\/\/875jahrekirchgoens.de\/?p=17630"},"modified":"2025-11-23T12:16:41","modified_gmt":"2025-11-23T12:16:41","slug":"st-patricks-day-in-kirch-goens","status":"publish","type":"post","link":"http:\/\/875jahrekirchgoens.de\/?p=17630","title":{"rendered":"\u201eSt. Patrick\u00b4s Day\u201c in Kirch-G\u00f6ns"},"content":{"rendered":"<div class=\"wp-block-image\">\n<figure class=\"aligncenter size-full\"><img loading=\"lazy\" decoding=\"async\" width=\"512\" height=\"340\" src=\"https:\/\/875jahrekirchgoens.de\/wp-content\/uploads\/2025\/11\/grafik-260.png\" alt=\"\" class=\"wp-image-17631\" srcset=\"http:\/\/875jahrekirchgoens.de\/wp-content\/uploads\/2025\/11\/grafik-260.png 512w, http:\/\/875jahrekirchgoens.de\/wp-content\/uploads\/2025\/11\/grafik-260-300x199.png 300w\" sizes=\"auto, (max-width: 512px) 100vw, 512px\" \/><\/figure><\/div>\n\n\n<p>Der \u201eSt. Patrick\u00b4s Day\u201c am 17. M\u00e4rz ist der Nationalfeiertag er Iren. Rund um den Globus wird er zelebriert, wo Iren oder Freunde der Iren wohnen. Im evangelischen Gemeindehaus Kirch-G\u00f6ns fanden sich am Dienstagabend etwa 15 gestandene M\u00e4nner aus dem Nachbarort Pohl-G\u00f6ns ein, darunter Ortspfarrer William Thum und viele bekannte Gesichter, um gemeinsam ein delikates Men\u00fc zu kochen und anschlie\u00dfend zu verspeisen. In lustiger Atmosph\u00e4re wurden Spezialit\u00e4ten aus dem irischen Kochbuch gezaubert. Als \u201eGru\u00df aus der K\u00fcche\u201c gab es Black Pudding Croutes (Blutwurst auf Wei\u00dfbrot mit ged\u00fcnsteten Zwiebeln) als \u201eStarter\u201c einen Seafood-Chowder (Meeresfr\u00fcchte-Suppe), als Hauptgericht ein Irish Stew (Lamm-Eintorp) und als Nachtisch ein Apple and Blackberry Crumble (\u00fcberbackene \u00c4pfel und Brombeeren). Da floss das Wasser im Und zusammen, und nachgesp\u00fclt wurde mit Tee, Guinness und irischem Whiskey. Nach dem Essen konnten alle Irish Coffee und den Schlaftrunk Hot Whiskey probieren. Es wurde dabei viel erz\u00e4hlt und gelacht, irische Musikkl\u00e4nge waren zu h\u00f6ren, ans ordentliche Absp\u00fclen des Geschirrs wurde ebenfalls gedacht, und dann ert\u00f6nte stimmlich angef\u00fchrt von Christian Elsner, dem in Pohl-G\u00f6ns lebenden international bekannten Startenor, das Lied \u201eA German clockwinder\u201c. Der alte Uhrmacher hie\u00df bekanntlich Benjamin Fuchs und entz\u00fcckte mit seiner Kunstfertigkeit die Dubliner Damenwelt.<\/p>\n\n\n\n<p>Quelle und Bild: Butzbacher Zeitung vom 19. M\u00e4rz 2010<\/p>\n","protected":false},"excerpt":{"rendered":"<p>Der \u201eSt. Patrick\u00b4s Day\u201c am 17. M\u00e4rz ist der Nationalfeiertag er Iren. Rund um den Globus wird er zelebriert, wo Iren oder Freunde der Iren wohnen. Im evangelischen Gemeindehaus Kirch-G\u00f6ns fanden sich am Dienstagabend etwa 15 gestandene M\u00e4nner aus dem Nachbarort Pohl-G\u00f6ns ein, darunter Ortspfarrer William Thum und viele bekannte Gesichter, um gemeinsam ein delikates &#8230; <a title=\"\u201eSt. Patrick\u00b4s Day\u201c in Kirch-G\u00f6ns\" class=\"read-more\" href=\"http:\/\/875jahrekirchgoens.de\/?p=17630\" aria-label=\"Mehr Informationen \u00fcber \u201eSt. Patrick\u00b4s Day\u201c in Kirch-G\u00f6ns\">Weiterlesen<\/a><\/p>\n","protected":false},"author":1,"featured_media":0,"comment_status":"closed","ping_status":"open","sticky":false,"template":"","format":"standard","meta":{"footnotes":""},"categories":[1],"tags":[],"class_list":["post-17630","post","type-post","status-publish","format-standard","hentry","category-infos"],"_links":{"self":[{"href":"http:\/\/875jahrekirchgoens.de\/index.php?rest_route=\/wp\/v2\/posts\/17630","targetHints":{"allow":["GET"]}}],"collection":[{"href":"http:\/\/875jahrekirchgoens.de\/index.php?rest_route=\/wp\/v2\/posts"}],"about":[{"href":"http:\/\/875jahrekirchgoens.de\/index.php?rest_route=\/wp\/v2\/types\/post"}],"author":[{"embeddable":true,"href":"http:\/\/875jahrekirchgoens.de\/index.php?rest_route=\/wp\/v2\/users\/1"}],"replies":[{"embeddable":true,"href":"http:\/\/875jahrekirchgoens.de\/index.php?rest_route=%2Fwp%2Fv2%2Fcomments&post=17630"}],"version-history":[{"count":1,"href":"http:\/\/875jahrekirchgoens.de\/index.php?rest_route=\/wp\/v2\/posts\/17630\/revisions"}],"predecessor-version":[{"id":17632,"href":"http:\/\/875jahrekirchgoens.de\/index.php?rest_route=\/wp\/v2\/posts\/17630\/revisions\/17632"}],"wp:attachment":[{"href":"http:\/\/875jahrekirchgoens.de\/index.php?rest_route=%2Fwp%2Fv2%2Fmedia&parent=17630"}],"wp:term":[{"taxonomy":"category","embeddable":true,"href":"http:\/\/875jahrekirchgoens.de\/index.php?rest_route=%2Fwp%2Fv2%2Fcategories&post=17630"},{"taxonomy":"post_tag","embeddable":true,"href":"http:\/\/875jahrekirchgoens.de\/index.php?rest_route=%2Fwp%2Fv2%2Ftags&post=17630"}],"curies":[{"name":"wp","href":"https:\/\/api.w.org\/{rel}","templated":true}]}}