{"id":17634,"date":"2019-04-19T12:18:00","date_gmt":"2019-04-19T12:18:00","guid":{"rendered":"https:\/\/875jahrekirchgoens.de\/?p=17634"},"modified":"2025-11-23T12:20:13","modified_gmt":"2025-11-23T12:20:13","slug":"musikzug-kirch-goens-wurde-mit-butzbachs-kulturpreis-ausgezeichnet","status":"publish","type":"post","link":"http:\/\/875jahrekirchgoens.de\/?p=17634","title":{"rendered":"Musikzug Kirch-G\u00f6ns wurde mit Butzbachs Kulturpreis ausgezeichnet"},"content":{"rendered":"\n<p><em>50j\u00e4hriges Wirken auf die Allgemeinheit wurde gew\u00fcrdigt<\/em><\/p>\n\n\n\n<p>Den Kulturpreis 2010 der Stadt Butzbach \u00fcberbrachte B\u00fcrgermeister Michael Merle am Freitag an den Musikzug der Freiwilligen Feuerwehr Kirch-G\u00f6ns auf dessen akademischer Feier zum 50-j\u00e4hrigen Bestehen. Der Kulturpreis wird dargestellt durch die so genannte \u201eGoldene Hand\u201c, die symbolisch die k\u00fcnstlerische und kulturelle Schaffenskraft widerspiegeln soll. F\u00fcr die akademische Feier zum 50. Geburtstag hatte sich der Kirch-G\u00f6nser Musikzug mit der evangelischen Kirche des Dorfes einen etwas ungew\u00f6hnlichen Rahmen ausgesucht, der aber bei den G\u00e4sten, das Gotteshaus war bis auf den letzten Platz besetzt, sehr gut ankam. Durch das Programm f\u00fchrte gekonnt Jennifer Menk. Unter den zahlreichen G\u00e4sten waren Schirmherr B\u00fcrgermeister Michael Merle, die Magistratsmitglieder Manfred Sch\u00fctz und Karlheinz Schmidt, der 1. Kreisbeigeordnete Oswin Veith, das \u201eDreigestirn\u201c des Butzbacher Vereinsrings Robert Werner, Walter G\u00f6del und Hans M\u00f6ller, der Vorsitzende der IG der Kirch-G\u00f6nser Vereine, G\u00fcnter Weber, sowie die stellvertretende Stadtbrandinspektorin B\u00e4rbel Geretschl\u00e4ger. Im Verlauf der Feier zeigte der Musikzug mit verschiedenen Darbietungen seine musikalische und personelle Bandbreite auf. Die J\u00fcngsten des Vereins sind in der Blockfl\u00f6tengruppe vertreten, die einen stark umjubelten Auftritt hatte. Die j\u00fcngeren Musiker traten als Gruppe \u201eYoung Generation\u201c auf unter der Leitung von Dirigent Andreas Tr\u00f6ster. Dieser leitete auch die Auftritte des gesamten Klangk\u00f6rpers, des Musikzuges Kirch-G\u00f6ns. Die Orgel der Kirche wurde in das musikalische Geschehen durch Katharina Niesner und Florian Ilge eingebaut. Mit dem Lied \u201eIch geh\u00f6r nur mir\u201c aus dem Musical \u201eElisabeth\u201c brillierte Vanessa Keil mit einem Solovortrag. Schirmherr B\u00fcrgermeister Merle gratulierte dem Musikzug namens des Magistrates der Stadt Butzbach zum Jubil\u00e4um. Der Verein habe in den zur\u00fcckliegenden f\u00fcnfzig Jahren Gro\u00dfartiges geleistet. Mit der Verleihung des Kulturpreises 2010 der Stadt Butzbach werde die besondere Leistung des Musikzuges auf dem Gebiet des kulturellen Engagements f\u00fcr die Stadt Butzbach und deren Entwicklung anerkannt. Das Zusammenwirken von Menschen \u00fcber eine so lange Zeit sei nicht selbstverst\u00e4ndlich und deshalb ein besonderer Grund zur Freude und zum Feiern. Die Zugeh\u00f6rigkeit zum Musikzug sei f\u00fcr jedes Mitglied ein besonderes St\u00fcck Lebensqualit\u00e4t. Einen \u00dcberblick \u00fcber die H\u00f6hepunkte in der Geschichte des Musikzuges gab dessen Ehrenvorsitzender Hanspeter Tiedemann. Im Jahre 1960 gr\u00fcndete der Kirch-G\u00f6nser Feuerwehrverein einen Spielmannszug. Dessen erster Stabf\u00fchrer war Willi Friedrich. Erste H\u00f6hepunkte waren die Auftritte im Frankfurter Waldstadion zwischen 1963 und 1966, so beim Spiel der Eintracht gegen die Bayern mit 70 000 Zuschauern. Im Fr\u00fchjahr 1966 wurde ein Sch\u00fclerspielmannszug gegr\u00fcndet, der unter der Leitung von Helmut Kraeft in Wiesbaden den \u201eGro\u00dfen Preis der Bundesrepublik Deutschland\u201c gewann. Eine Standarte bekam der Verein 1980 von den Stabf\u00fchrern Willi Friedrich und Willi Heil gestiftet. 1987 wurde von reinen Naturtoninstrumenten auf Ventilinstrumente umgestellt und damit die Grundlage f\u00fcr den heutigen Musikzug gelegt, der 1991 durch den Zusammenschluss von Spielmanns- und Fanfarenzug entstand. Auf viele Erfolge auf Wettstreiten k\u00f6nnen die Musikerinnen und Musiker zur\u00fcckblicken. Mit diesen Erfolgen verbunden sind Namen der Vorsitzenden, der Ausbilder, der Stabf\u00fchrer und Dirigenten Willi Friedrich, Willi Heil, Helmut R\u00fchl, Klaus-Dieter Herbel, Willi Kraeft, Helmut Kraeft, Christine Will, Egon Kr\u00e4mer, Karl-Heinz Velten, Ralf Wittig, Andreas Tr\u00f6ster, J\u00fcrgen Nern, Betty Menk und Hanspeter Tiedemann. Und als Musiker und in verschiedenen Vorstandspositionen seit f\u00fcnfzig Jahren dabei sind mit viel Engagement die \u201eMacher\u201c im Verein Albert Ceh, Helmut Ceh, Kurt Schwarzer, Klaus-Dieter Herbel und Helmut R\u00fchl, die f\u00fcr ihr herausragendes Wirken von Kreisstabf\u00fchrer Paul-Heinz Eckhardt, Florstadt, und seinen Stellvertreter Hans-J\u00fcrgen Rehde, W\u00f6llstadt, ausgezeichnet wurden. Die ersten vier Musiker erhielten die Ehrennadel in Gold mit Diamant der Bundesvereinigung Deutscher Musikverb\u00e4nde wegen 50-j\u00e4hriger aktiver T\u00e4tigkeit und F\u00f6rderung der Musik. Eine Ehrenurkunde des Musikzuges f\u00fcr seine 50-j\u00e4hrige Mitgliedschaft erhielt Helmut R\u00fchl. Anschlie\u00dfend meinte Hausherr Pfarrer William Thum in seiner Rede, das Musik mehr zur Verst\u00e4ndigung unter den Menschen beitrage als alle gesprochenen Worte. Er gratuliere zum Jubil\u00e4um und w\u00fcnschte dem Musikzug Gottes Segen auch f\u00fcr die Zukunft. Der 1. Kreisbeigeordnete Oswin Veith sagte in seinem Gru\u00dfwort, dass der Musikzug einen bedeutenden Teil des d\u00f6rflichen Lebens gestaltet habe und stolz sein k\u00f6nne auf sein Jubil\u00e4um, zu dem er namens der Kreisgremien gratuliere. Der Vorsitzende des Vereinsrings Butzbacher, Robert Werner, und G\u00fcnter Weber der Vorsitzende der Interessengemeinschaft der Kirch-G\u00f6nser Vereine, begl\u00fcckw\u00fcnschten den Musikzug zum Jubil\u00e4um und w\u00fcnschten f\u00fcr die Zukunft alles Gute. Der Musikzug habe den Namen Kirch-G\u00f6ns weithin bekannt gemacht. In Ihrem Schlusswort stellte Betty Menk, die 1. Vorsitzende des Musikzuges, die Jugendarbeit des Vereins heraus. Man sei sehr stolz auf den Nachwuchs, der die Zukunft des Musikzuges darstelle. Sie erw\u00e4hnte auch die sehr gute Zusammenarbeit mit der Butzbacher Feuerwehrkapelle. Betty Menk dankte allen Mitwirkenden an der akademischen Feier f\u00fcr ihr Engagement. Ein besonderer Dank ging an den Ehrenvorsitzenden Hanspeter Tiedemann. Nach der Feier lud der Musikzug seine G\u00e4ste noch zu einem Empfang mit Musik und oberhessischen Spezialit\u00e4ten in die Mehrzweckhalle ein.<\/p>\n\n\n\n<figure class=\"wp-block-image size-full\"><img loading=\"lazy\" decoding=\"async\" width=\"1024\" height=\"685\" src=\"https:\/\/875jahrekirchgoens.de\/wp-content\/uploads\/2025\/11\/grafik-261.png\" alt=\"\" class=\"wp-image-17635\" srcset=\"http:\/\/875jahrekirchgoens.de\/wp-content\/uploads\/2025\/11\/grafik-261.png 1024w, http:\/\/875jahrekirchgoens.de\/wp-content\/uploads\/2025\/11\/grafik-261-300x201.png 300w, http:\/\/875jahrekirchgoens.de\/wp-content\/uploads\/2025\/11\/grafik-261-768x514.png 768w\" sizes=\"auto, (max-width: 1024px) 100vw, 1024px\" \/><\/figure>\n\n\n\n<p>Mit dem Kulturpreis der Stadt Butzbach zeichnete B\u00fcrgermeister Michael Merle (oberes Foto links) den Musikzug der Freiwilligen Feuerwehr Kirch-G\u00f6ns aus. Der Ehrenvorsitzende Hanspeter Tiedemann (l.) nahm die hohe Auszeichnung entgegen. In der Mitte, Betty Menk, die 1. Vorsitzende des Musikzuges. \u2013 Vollbesetzt war die evangelische Kirche (Foto oben rechts), in der die akademische Feier anl\u00e4sslich des 50-j\u00e4hrigen Bestehens des Musikzuges stattfand. Die unteren Fotos zeigen die ausgezeichneten Musiker.<\/p>\n\n\n\n<p>Quelle und Bilder: Butzbacher Zeitung vom 19. April 2019<\/p>\n","protected":false},"excerpt":{"rendered":"<p>50j\u00e4hriges Wirken auf die Allgemeinheit wurde gew\u00fcrdigt Den Kulturpreis 2010 der Stadt Butzbach \u00fcberbrachte B\u00fcrgermeister Michael Merle am Freitag an den Musikzug der Freiwilligen Feuerwehr Kirch-G\u00f6ns auf dessen akademischer Feier zum 50-j\u00e4hrigen Bestehen. Der Kulturpreis wird dargestellt durch die so genannte \u201eGoldene Hand\u201c, die symbolisch die k\u00fcnstlerische und kulturelle Schaffenskraft widerspiegeln soll. F\u00fcr die akademische &#8230; <a title=\"Musikzug Kirch-G\u00f6ns wurde mit Butzbachs Kulturpreis ausgezeichnet\" class=\"read-more\" href=\"http:\/\/875jahrekirchgoens.de\/?p=17634\" aria-label=\"Mehr Informationen \u00fcber Musikzug Kirch-G\u00f6ns wurde mit Butzbachs Kulturpreis ausgezeichnet\">Weiterlesen<\/a><\/p>\n","protected":false},"author":1,"featured_media":0,"comment_status":"closed","ping_status":"open","sticky":false,"template":"","format":"standard","meta":{"footnotes":""},"categories":[1],"tags":[],"class_list":["post-17634","post","type-post","status-publish","format-standard","hentry","category-infos"],"_links":{"self":[{"href":"http:\/\/875jahrekirchgoens.de\/index.php?rest_route=\/wp\/v2\/posts\/17634","targetHints":{"allow":["GET"]}}],"collection":[{"href":"http:\/\/875jahrekirchgoens.de\/index.php?rest_route=\/wp\/v2\/posts"}],"about":[{"href":"http:\/\/875jahrekirchgoens.de\/index.php?rest_route=\/wp\/v2\/types\/post"}],"author":[{"embeddable":true,"href":"http:\/\/875jahrekirchgoens.de\/index.php?rest_route=\/wp\/v2\/users\/1"}],"replies":[{"embeddable":true,"href":"http:\/\/875jahrekirchgoens.de\/index.php?rest_route=%2Fwp%2Fv2%2Fcomments&post=17634"}],"version-history":[{"count":1,"href":"http:\/\/875jahrekirchgoens.de\/index.php?rest_route=\/wp\/v2\/posts\/17634\/revisions"}],"predecessor-version":[{"id":17636,"href":"http:\/\/875jahrekirchgoens.de\/index.php?rest_route=\/wp\/v2\/posts\/17634\/revisions\/17636"}],"wp:attachment":[{"href":"http:\/\/875jahrekirchgoens.de\/index.php?rest_route=%2Fwp%2Fv2%2Fmedia&parent=17634"}],"wp:term":[{"taxonomy":"category","embeddable":true,"href":"http:\/\/875jahrekirchgoens.de\/index.php?rest_route=%2Fwp%2Fv2%2Fcategories&post=17634"},{"taxonomy":"post_tag","embeddable":true,"href":"http:\/\/875jahrekirchgoens.de\/index.php?rest_route=%2Fwp%2Fv2%2Ftags&post=17634"}],"curies":[{"name":"wp","href":"https:\/\/api.w.org\/{rel}","templated":true}]}}