{"id":17642,"date":"2010-04-30T12:27:00","date_gmt":"2010-04-30T12:27:00","guid":{"rendered":"https:\/\/875jahrekirchgoens.de\/?p=17642"},"modified":"2025-11-23T12:29:04","modified_gmt":"2025-11-23T12:29:04","slug":"verdiente-musiker-geehrt","status":"publish","type":"post","link":"http:\/\/875jahrekirchgoens.de\/?p=17642","title":{"rendered":"Verdiente Musiker geehrt"},"content":{"rendered":"\n<p>Auf der akademischen Feier des Musikzuges der Freiwilligen Feuerwehr Kirch-G\u00f6ns wurden verdiente Mitglieder geehrt, die sich als Musiker und in verschiedenen Vorstandspositionen seit f\u00fcnfzig Jahren mit viel Engagement einbringen. Kreisstabsf\u00fchrer Paul-Heinz Eckhardt, Florstadt, und sein Stellvertreter Hans-J\u00fcrgen Rehde, W\u00f6llstadt, zeichneten Albert Ceh, Helmut Ceh, Kurt Schwarzer und Klaus-Dieter Herbel mit der Ehrennadel in Gold, mit Diamant, der Bundesvereinigung Deutscher Musikverb\u00e4nde f\u00fcr 50-j\u00e4hrige aktive T\u00e4tigkeit und F\u00f6rderung der Musik aus. Eine Ehrenurkunde des Musikzuges f\u00fcr seine 50-j\u00e4hrige Mitgliedschaft erhielt Helmut R\u00fchl.<\/p>\n\n\n<div class=\"wp-block-image\">\n<figure class=\"aligncenter size-full\"><img loading=\"lazy\" decoding=\"async\" width=\"512\" height=\"375\" src=\"https:\/\/875jahrekirchgoens.de\/wp-content\/uploads\/2025\/11\/grafik-263.png\" alt=\"\" class=\"wp-image-17643\" srcset=\"http:\/\/875jahrekirchgoens.de\/wp-content\/uploads\/2025\/11\/grafik-263.png 512w, http:\/\/875jahrekirchgoens.de\/wp-content\/uploads\/2025\/11\/grafik-263-300x220.png 300w\" sizes=\"auto, (max-width: 512px) 100vw, 512px\" \/><\/figure><\/div>\n\n\n<p class=\"has-text-align-center\">Das Foto zeigt (v. l.) Helmut R\u00fchl, Ehrenvorsitzender Hanspeter Tiedemann, <br>Hans-J\u00fcrgen Rehde, Klaus-Dieter Herbel, Helmut Ceh, Kurt Schwarzer, <br>1. Vors. Betty Menk, Paul-Heinz Eckhardt und Albert Ceh.<\/p>\n\n\n\n<p>Quelle und Bild: Butzbacher Zeitung vom 30. April 2010<\/p>\n","protected":false},"excerpt":{"rendered":"<p>Auf der akademischen Feier des Musikzuges der Freiwilligen Feuerwehr Kirch-G\u00f6ns wurden verdiente Mitglieder geehrt, die sich als Musiker und in verschiedenen Vorstandspositionen seit f\u00fcnfzig Jahren mit viel Engagement einbringen. Kreisstabsf\u00fchrer Paul-Heinz Eckhardt, Florstadt, und sein Stellvertreter Hans-J\u00fcrgen Rehde, W\u00f6llstadt, zeichneten Albert Ceh, Helmut Ceh, Kurt Schwarzer und Klaus-Dieter Herbel mit der Ehrennadel in Gold, mit &#8230; <a title=\"Verdiente Musiker geehrt\" class=\"read-more\" href=\"http:\/\/875jahrekirchgoens.de\/?p=17642\" aria-label=\"Mehr Informationen \u00fcber Verdiente Musiker geehrt\">Weiterlesen<\/a><\/p>\n","protected":false},"author":1,"featured_media":0,"comment_status":"closed","ping_status":"open","sticky":false,"template":"","format":"standard","meta":{"footnotes":""},"categories":[1],"tags":[],"class_list":["post-17642","post","type-post","status-publish","format-standard","hentry","category-infos"],"_links":{"self":[{"href":"http:\/\/875jahrekirchgoens.de\/index.php?rest_route=\/wp\/v2\/posts\/17642","targetHints":{"allow":["GET"]}}],"collection":[{"href":"http:\/\/875jahrekirchgoens.de\/index.php?rest_route=\/wp\/v2\/posts"}],"about":[{"href":"http:\/\/875jahrekirchgoens.de\/index.php?rest_route=\/wp\/v2\/types\/post"}],"author":[{"embeddable":true,"href":"http:\/\/875jahrekirchgoens.de\/index.php?rest_route=\/wp\/v2\/users\/1"}],"replies":[{"embeddable":true,"href":"http:\/\/875jahrekirchgoens.de\/index.php?rest_route=%2Fwp%2Fv2%2Fcomments&post=17642"}],"version-history":[{"count":1,"href":"http:\/\/875jahrekirchgoens.de\/index.php?rest_route=\/wp\/v2\/posts\/17642\/revisions"}],"predecessor-version":[{"id":17644,"href":"http:\/\/875jahrekirchgoens.de\/index.php?rest_route=\/wp\/v2\/posts\/17642\/revisions\/17644"}],"wp:attachment":[{"href":"http:\/\/875jahrekirchgoens.de\/index.php?rest_route=%2Fwp%2Fv2%2Fmedia&parent=17642"}],"wp:term":[{"taxonomy":"category","embeddable":true,"href":"http:\/\/875jahrekirchgoens.de\/index.php?rest_route=%2Fwp%2Fv2%2Fcategories&post=17642"},{"taxonomy":"post_tag","embeddable":true,"href":"http:\/\/875jahrekirchgoens.de\/index.php?rest_route=%2Fwp%2Fv2%2Ftags&post=17642"}],"curies":[{"name":"wp","href":"https:\/\/api.w.org\/{rel}","templated":true}]}}