{"id":17654,"date":"2010-12-03T18:26:00","date_gmt":"2010-12-03T18:26:00","guid":{"rendered":"https:\/\/875jahrekirchgoens.de\/?p=17654"},"modified":"2025-11-23T18:27:21","modified_gmt":"2025-11-23T18:27:21","slug":"kirch-goenser-schuetzen-wurden-vorzeitig-meister","status":"publish","type":"post","link":"http:\/\/875jahrekirchgoens.de\/?p=17654","title":{"rendered":"Kirch-G\u00f6nser Sch\u00fctzen wurden vorzeitig Meister"},"content":{"rendered":"\n<p>Nach ihrem Ausw\u00e4rtssieg in Hausen-Oes mit 1416:1381 Ringen stehen die Kirch-G\u00f6nser Sch\u00fctzen vorzeitig als Meister der Grundklasse 1 Luftgewehr fest. Sie steigen damit in die Kreisklasse auf. Diesen doppelten Punktgewinn schossen Peter Maiwald (370), Kurt Hartig (365), Ralf Winter (355) und Hagen Heinz (326) heraus.<\/p>\n\n\n\n<p>Quelle: Butzbacher Zeitung vom 3. Dezember 2010<\/p>\n","protected":false},"excerpt":{"rendered":"<p>Nach ihrem Ausw\u00e4rtssieg in Hausen-Oes mit 1416:1381 Ringen stehen die Kirch-G\u00f6nser Sch\u00fctzen vorzeitig als Meister der Grundklasse 1 Luftgewehr fest. Sie steigen damit in die Kreisklasse auf. Diesen doppelten Punktgewinn schossen Peter Maiwald (370), Kurt Hartig (365), Ralf Winter (355) und Hagen Heinz (326) heraus. Quelle: Butzbacher Zeitung vom 3. Dezember 2010<\/p>\n","protected":false},"author":1,"featured_media":0,"comment_status":"closed","ping_status":"open","sticky":false,"template":"","format":"standard","meta":{"footnotes":""},"categories":[1],"tags":[],"class_list":["post-17654","post","type-post","status-publish","format-standard","hentry","category-infos"],"_links":{"self":[{"href":"http:\/\/875jahrekirchgoens.de\/index.php?rest_route=\/wp\/v2\/posts\/17654","targetHints":{"allow":["GET"]}}],"collection":[{"href":"http:\/\/875jahrekirchgoens.de\/index.php?rest_route=\/wp\/v2\/posts"}],"about":[{"href":"http:\/\/875jahrekirchgoens.de\/index.php?rest_route=\/wp\/v2\/types\/post"}],"author":[{"embeddable":true,"href":"http:\/\/875jahrekirchgoens.de\/index.php?rest_route=\/wp\/v2\/users\/1"}],"replies":[{"embeddable":true,"href":"http:\/\/875jahrekirchgoens.de\/index.php?rest_route=%2Fwp%2Fv2%2Fcomments&post=17654"}],"version-history":[{"count":1,"href":"http:\/\/875jahrekirchgoens.de\/index.php?rest_route=\/wp\/v2\/posts\/17654\/revisions"}],"predecessor-version":[{"id":17655,"href":"http:\/\/875jahrekirchgoens.de\/index.php?rest_route=\/wp\/v2\/posts\/17654\/revisions\/17655"}],"wp:attachment":[{"href":"http:\/\/875jahrekirchgoens.de\/index.php?rest_route=%2Fwp%2Fv2%2Fmedia&parent=17654"}],"wp:term":[{"taxonomy":"category","embeddable":true,"href":"http:\/\/875jahrekirchgoens.de\/index.php?rest_route=%2Fwp%2Fv2%2Fcategories&post=17654"},{"taxonomy":"post_tag","embeddable":true,"href":"http:\/\/875jahrekirchgoens.de\/index.php?rest_route=%2Fwp%2Fv2%2Ftags&post=17654"}],"curies":[{"name":"wp","href":"https:\/\/api.w.org\/{rel}","templated":true}]}}