{"id":17686,"date":"2011-03-20T15:48:00","date_gmt":"2011-03-20T15:48:00","guid":{"rendered":"https:\/\/875jahrekirchgoens.de\/?p=17686"},"modified":"2025-11-24T15:50:08","modified_gmt":"2025-11-24T15:50:08","slug":"hr-team-filmte-in-kirch-goens","status":"publish","type":"post","link":"http:\/\/875jahrekirchgoens.de\/?p=17686","title":{"rendered":"hr-Team filmte in Kirch-G\u00f6ns"},"content":{"rendered":"\n<p>Trachtentr\u00e4ger pr\u00e4gten am gestrigen Samstag vor und im Backhaus Kirch- G\u00f6ns das Bild und auch in der Hofreite der Eheleute Richard und Ilse Schepp herrschte gestern reges Treiben und Aufregung. Ein Fernsehteam des Hessischen Rundfunks hatte die Trachtentr\u00e4ger des Heimat- und Backhausvereins 1982 Kirch-G\u00f6ns f\u00fcr eine am 3. Mai vorgesehene Sendung \u00fcber Trachten in Hessen gewinnen k\u00f6nnen. Gemeinsam mit der Trachtengruppe des Heimatkundlichen Arbeitskreises Linden wurde dabei in Kirch-G\u00f6ns und anschlie\u00dfend in Gro\u00dfen-Linden eine H\u00fcttenberger Trachtenhochzeit nachgestellt. W\u00e4hrend in Kirch- G\u00f6ns zun\u00e4chst f\u00fcr das Brautpaar im Backhaus Kuchen gebacken, anschlie\u00dfend die Braut eingekleidet und bereits die Feier gedreht wurde, drehte sich in Linden anschlie\u00dfend alles um den Kirchgang und den ins Gotteshaus. Kameramann Markus Zuckermann vom hessischen Tontechniker Andreas Huber, Lichttechniker Bernd Martin und Autorin Barbara Petermann setzten alles ins rechte Licht. &nbsp;Dabei wurde zun\u00e4chst im Backhaus Kirch-G\u00f6ns festgehalten, wie die beiden flei\u00dfigen Kuchenb\u00e4ckerinnen Edith Weber und Gitta Faber Butterlochskuchen zubereiteten. Als Heizer fungierten G\u00fcnther Weber und Erik Stenzel. Originell anschlie\u00dfend der Dreh in der Hofreite Scheppe, denn die Hochzeitsgesellschaft tafelte direkt neben dem Misthaufen \u2013 wie\u2019s froier woar. Am Hochzeitszug nahmen dann in Gro\u00dfen-Linden vom Heimat- und Backhausverein die Trachtentr\u00e4ger Hermann Faber, Monika Maiwald und Petra Riedel teil. \u00dcbrigen findet am 16. Oktober in Kirch-G\u00f6ns ein \u201eTag der Tracht\u201e statt, bei dem dann die Trachten , die am 3. Mai im Hessenfernsehen zu bewundern sind, im Original einmal beim Gottesdienst und anschlie\u00dfend beim Festzug zur Mehrzweckhalle in Augenschein genommen werden k\u00f6nnen.<\/p>\n\n\n<div class=\"wp-block-image\">\n<figure class=\"aligncenter size-full\"><img loading=\"lazy\" decoding=\"async\" width=\"512\" height=\"340\" src=\"https:\/\/875jahrekirchgoens.de\/wp-content\/uploads\/2025\/11\/grafik-274.png\" alt=\"\" class=\"wp-image-17687\" srcset=\"http:\/\/875jahrekirchgoens.de\/wp-content\/uploads\/2025\/11\/grafik-274.png 512w, http:\/\/875jahrekirchgoens.de\/wp-content\/uploads\/2025\/11\/grafik-274-300x199.png 300w\" sizes=\"auto, (max-width: 512px) 100vw, 512px\" \/><\/figure><\/div>\n\n\n<p class=\"has-text-align-center\">Die Kuchenb\u00e4ckerin Edith Weber (l.) und Gitta Faber<\/p>\n\n\n\n<p>Quelle und Bild: Sonntag-Morgenmagazin vom 20. M\u00e4rz 2011<\/p>\n","protected":false},"excerpt":{"rendered":"<p>Trachtentr\u00e4ger pr\u00e4gten am gestrigen Samstag vor und im Backhaus Kirch- G\u00f6ns das Bild und auch in der Hofreite der Eheleute Richard und Ilse Schepp herrschte gestern reges Treiben und Aufregung. Ein Fernsehteam des Hessischen Rundfunks hatte die Trachtentr\u00e4ger des Heimat- und Backhausvereins 1982 Kirch-G\u00f6ns f\u00fcr eine am 3. Mai vorgesehene Sendung \u00fcber Trachten in Hessen &#8230; <a title=\"hr-Team filmte in Kirch-G\u00f6ns\" class=\"read-more\" href=\"http:\/\/875jahrekirchgoens.de\/?p=17686\" aria-label=\"Mehr Informationen \u00fcber hr-Team filmte in Kirch-G\u00f6ns\">Weiterlesen<\/a><\/p>\n","protected":false},"author":1,"featured_media":0,"comment_status":"closed","ping_status":"open","sticky":false,"template":"","format":"standard","meta":{"footnotes":""},"categories":[1],"tags":[],"class_list":["post-17686","post","type-post","status-publish","format-standard","hentry","category-infos"],"_links":{"self":[{"href":"http:\/\/875jahrekirchgoens.de\/index.php?rest_route=\/wp\/v2\/posts\/17686","targetHints":{"allow":["GET"]}}],"collection":[{"href":"http:\/\/875jahrekirchgoens.de\/index.php?rest_route=\/wp\/v2\/posts"}],"about":[{"href":"http:\/\/875jahrekirchgoens.de\/index.php?rest_route=\/wp\/v2\/types\/post"}],"author":[{"embeddable":true,"href":"http:\/\/875jahrekirchgoens.de\/index.php?rest_route=\/wp\/v2\/users\/1"}],"replies":[{"embeddable":true,"href":"http:\/\/875jahrekirchgoens.de\/index.php?rest_route=%2Fwp%2Fv2%2Fcomments&post=17686"}],"version-history":[{"count":2,"href":"http:\/\/875jahrekirchgoens.de\/index.php?rest_route=\/wp\/v2\/posts\/17686\/revisions"}],"predecessor-version":[{"id":17690,"href":"http:\/\/875jahrekirchgoens.de\/index.php?rest_route=\/wp\/v2\/posts\/17686\/revisions\/17690"}],"wp:attachment":[{"href":"http:\/\/875jahrekirchgoens.de\/index.php?rest_route=%2Fwp%2Fv2%2Fmedia&parent=17686"}],"wp:term":[{"taxonomy":"category","embeddable":true,"href":"http:\/\/875jahrekirchgoens.de\/index.php?rest_route=%2Fwp%2Fv2%2Fcategories&post=17686"},{"taxonomy":"post_tag","embeddable":true,"href":"http:\/\/875jahrekirchgoens.de\/index.php?rest_route=%2Fwp%2Fv2%2Ftags&post=17686"}],"curies":[{"name":"wp","href":"https:\/\/api.w.org\/{rel}","templated":true}]}}