{"id":17691,"date":"2011-05-02T15:55:00","date_gmt":"2011-05-02T15:55:00","guid":{"rendered":"https:\/\/875jahrekirchgoens.de\/?p=17691"},"modified":"2025-11-24T15:56:15","modified_gmt":"2025-11-24T15:56:15","slug":"kirch-goenser-feuerwehr-tagte-an-einem-historischen-datum","status":"publish","type":"post","link":"http:\/\/875jahrekirchgoens.de\/?p=17691","title":{"rendered":"Kirch-G\u00f6nser Feuerwehr tagte an einem historischen Datum"},"content":{"rendered":"\n<p><em>Am 30. April 1911 wurde der Feuerwehrverein gegr\u00fcndet \/ Viel Lob f\u00fcr Engagement<\/em><\/p>\n\n\n\n<p>Ungew\u00f6hnlich sp\u00e4t im Jahr fand jetzt am 30. April die Mitgliederversammlung der Freiwilligen Feuerwehr Kirch-G\u00f6ns statt. Doch der Termin wurde bewusst gew\u00e4hlt, denn am 30. April 1911 wurde der Verein einst gegr\u00fcndet. An diesem historischen Datum wollte die Kirch-G\u00f6nser Brandsch\u00fctzer aller bereits verstorbenen Kameradinnen und Kameraden gedenken, darunter die M\u00e4nner die vor 100 Jahren die Freiwillige Feuerwehr zum Wohl und Schutz der Bev\u00f6lkerung gr\u00fcndeten. Daher ging der diesj\u00e4hrigen Mitgliederversammlung bereits am sp\u00e4ten Nachmittag eine Totenehrung auf dem Kirch-G\u00f6nser Friedhof voraus. Mitglieder der Einsatzabteilung sowie der Alters- und Ehrenabteilung formierten sich vor dem Ger\u00e4tehaus und marschierten gemeinsam unter Mitf\u00fchren der Vereinsfahne zum Friedhof. Im Beisein von B\u00fcrgermeister Michael Merle, Stadtbrandinspektorin B\u00e4rbel Geretschl\u00e4ger und Kirch-G\u00f6ns B\u00fcrgerinnen und B\u00fcrger gedachten die Feuerwehrleute dort ihrer bereits verstorbenen Vereinsmitglieder mit der Niederlegung eines Kranzes durch den 1. Vorsitzenden Markus Mohr und des Schirmherr des 100-j\u00e4hrigen Jubil\u00e4ums der Kirch-G\u00f6nser Feuerwehr, Erster Kreisbeigeordneter Oswin Veith, an das uneigenn\u00fctzige Handeln der verstorbenen Feuerwehrleute, die rund um die Uhr Leben, Hab und Gut der Dorfbev\u00f6lkerung sch\u00fctzen. Mit dem Gedenken an die fr\u00fcheren Feuerwehrmitglieder werde die Erinnerung an deren freiwilligen Einsatz an die n\u00e4chste Generation weitergegeben. Mit einem gemeinsamen Gebet schloss die Totenehrung. Vom Friedhof marschierten die Kirch-G\u00f6nser Feuerwehrleute in das Vereinslokal Gastst\u00e4tte Maiwald und hielten dort ihre Jahreshauptversammlung ab. Der 1. Vorsitzenden Markus Mohr begr\u00fc\u00dfte die rund siebzig Anwesenden und erstattete seinen Rechenschaftsbericht f\u00fcr 2010. Dabei gab er die Mitgliederzahl mit derzeit 358 Personen an und ging auf die verschiedenen Veranstaltungen des letzten Jahres ein, die entweder von der Feuerwehr selbst ausgerichtet oder besucht wurden. Zum Abschluss seiner Ausf\u00fchrungen erl\u00e4uterte Mohr den geplanten Ablauf des Feuerwehrfestes vom 27. \u2013 29. Mai dieses Jahres in der Mehrzweckhalle Kirch-\/Pohl-G\u00f6ns. Wehrf\u00fchrer J\u00f6rg Winter teilte in seinem Bericht mit, dass die Einsatzabteilung ihren Personalbestand mit drei\u00dfig Mitglieder habe halten k\u00f6nnen. Damit sei sie weiter zahlenm\u00e4\u00dfig stark und vor allem tagesalarmf\u00e4hig, was leider nicht jede Wehr von sich behaupten k\u00f6nne. Die Eins\u00e4tze hielten sich 2010 gl\u00fccklicherweise in Grenzen mit vier technischen Hilfeleistungen, zwei Brandeins\u00e4tzen und drei durch Brandmeldeanlagen ausgel\u00f6ste Fehlalarme. Feuerwehrleute haben sich durch Lehrg\u00e4nge weiter ausbilden lassen. J\u00f6rg Winter ging auch auf das Thema Neubau Ger\u00e4tehaus in Kirch-G\u00f6ns ein. Er lud die politisch Verantwortlichen zum Dialog ein, um ein vern\u00fcnftiges Ergebnis zu erzielen. Der 2. Vorsitzende und Jugendwart Benjamin Griessl berichtete \u00fcber die Arbeit mit der Mini- und Jugendfeuerwehr. \u00dcbungen zum Thema Brandbek\u00e4mpfung, Absetzen eines Notrufes, Erste Hilfe, technische Hilfeleistungen an anderes mehr wurden mit den Kindern ge\u00fcbt. Mit dem Besuch des Kindergartens und der Mittelpunktschule mit Vorf\u00fchrung des Feuerwehrautos mit seinen Ger\u00e4tschaften wurde versucht, fr\u00fchzeitig Kinder f\u00fcr das Feuerl\u00f6schwesen zu interessieren. Teilnehmer eines Kindergeburtstages konnten das Ger\u00e4tehaus und das Feuerwehrauto besichtigen. F\u00fcr den Musikzug der Freiwilligen Feuerwehr Kirch.-G\u00f6ns verlas Franziska M\u00fcller den Bericht der 1. Vorsitzenden Betty Menk, die urlaubsbedingt an der Jahresmitgliederversammlung nicht teilnehmen konnte. Die Mitglieder des Musikzuges haben in 2010 wieder viele Arbeitsstunden geleistet. Im Mittelpunkt stand das 50-j\u00e4hrige Jubil\u00e4um und die Verleihung des Kulturpreises der Stadt Butzbach. Am 8. Oktober wird der Musikzug ein gemeinsames Konzert mit der Feuerwehrkapelle Butzbach in der alten Turnhalle Butzbach veranstalten. Kassenwart Thorsten R\u00f6hrig erl\u00e4uterte die finanziellen Verh\u00e4ltnisse des Vereins. Die Kassenpr\u00fcfer Martin Katzenmeier und Dieter Meier bescheinigten eine ordnungsgem\u00e4\u00dfe Buchf\u00fchrung und beantragten die Entlastung des gesamten Vorstandes, die durch die Versammlung einstimmig erfolgte. Erster Kreisbeigeordneter Oswin Veith betonte, der habe die Verbindung zur Kirch-G\u00f6nser Feuerwehr nie abrei\u00dfen lassen. Mit dem ehemaligen Stadtbrandinspektor Dieter Winter und Kirch-G\u00f6nser Unterst\u00fctzung sei es gelungen, die Butzbacher Feuerwehren wieder zu schlagkr\u00e4ftigen Einsatzgruppen werden zu lassen und im Wetteraukreis hohes Ansehen genie\u00dfen. Oswin Veith erinnerte an die Kirch-G\u00f6nser Feuerwehrleute, die in den letzten 100 Jahren ihr Leben bei Eins\u00e4tzen riskiert h\u00e4tten. Ein Feuerwehrverein sei von daher etwas Besonderes. Die bereits verstorbenen Feuerwehrleute h\u00e4tten ein Anrecht darauf, dass ihr Einsatz, ihr Andenken weitergegeben werde. Wenn die gelebte Kameradschaft f\u00fcr die Dorfgemeinschaft fortgef\u00fchrt werde, dann sei ihm nicht bange vor der Zukunft von Dorf, Stadt und Land. Veith dankte der Kirch-G\u00f6nser Feuerwehr f\u00fcr das 100-j\u00e4hrige Engagement und w\u00fcnschte viel Gl\u00fcck zum Jubil\u00e4um. B\u00fcrgermeister Merle \u00fcberbrachte die Gl\u00fcckw\u00fcnsche der st\u00e4dtischen Gremien zum \u201estolzen Jubil\u00e4um\u201c. Durch dieses w\u00fcrde die nicht vergessen, die in den letzten 100 Jahren der Gemeinschaft unter Hintenanstellen von Pers\u00f6nlichem gedient h\u00e4tten. Er w\u00fcnschte dem Verein und der Einsatzabteilung alles Gute, dankte f\u00fcr die geleistete und hoffte auf weitere gute Zusammenarbeit. Stadtbrandinspektorin B\u00e4rbel Geretschl\u00e4ger dankte der Kirch-G\u00f6nser Feuerwehr, die sie sehr sch\u00e4tze, ebenfalls f\u00fcr die geleistete Arbeit. Sie w\u00fcnschte gute Festtage und auch 2011 wenig Eins\u00e4tze, von denen alle gesund und munter wieder nach Hause kommen m\u00f6gen. F\u00fcr den Wetteraukreis \u00fcberbrachte Lars Henrich Gl\u00fcckw\u00fcnsche zum Jubil\u00e4um. Er wies auf die Notwendigkeit hin, Werbung f\u00fcr die Feuerwehr bei Kindern und Jugendlichen zu betreiben. Die Kirch-G\u00f6nser Wehr sei hier auf dem richtigen Weg. Ortsvorsteher Stefan Euler \u00fcberbrachte die Gl\u00fcckw\u00fcnsche des Ortsbeirates und hoffte auf eine gute Zusammenarbeit. F\u00fcr den TV Kirch-G\u00f6ns bedankte sich dessen Vorsitzender Thorsten Metz f\u00fcr die gute Zusammenarbeit in den zur\u00fcckliegenden Jahren. Die Kirch-G\u00f6nser Bev\u00f6lkerung f\u00fchle sich sicher durch ihre Feuerwehr. Nach den Gru\u00dfworten der G\u00e4ste ehrte Kreisbrandmeister Lars Henrich Klaus Riedel und Edgar Becker mit dem Goldenen Brandschutzehrenzeichen am Bande des Landes Hessen f\u00fcr 40 Jahre aktiven und pflichttreuen Dienst in der Einsatzabteilung. Dieter Winter und Willi Kraeft wurden mit dem Ehrenzeichen in Silber des Bezirksfeuerwehrverbandes Hessen-Darmstadt f\u00fcr ihr langj\u00e4hriges herausragendes Engagement f\u00fcr das Feuerl\u00f6schwesen ausgezeichnet. F\u00fcr 50 Jahre Vereinsmitgliedschaft wurden Helmut Ceh, Albert Ceh, Roland Maier, Dieter R\u00f6hrig, Lothar R\u00f6hrig, Kurt Schwarzer und Helmut M\u00fcller mit einer Ehrenurkunde ausgezeichnet. Sie wurden von der Versammlung zus\u00e4tzlich zu Ehrenmitgliedern ernannt. Die anstehenden Wahlen zu Vorstands\u00e4mtern ergaben jeweils einstimmig die Wiederwahl des 1. Schriftf\u00fchrers Steffen H\u00e4user und des Beisitzers William Thum. Martin Katzenmeier wurde einstimmig zum neuen Ger\u00e4tewart gew\u00e4hlt und Helmut Kraeft zum Kassenpr\u00fcfer. Danach gab Dieter Pfeiffer einen kurzen \u00dcberblick \u00fcber die Geschichte der Freiwilligen Feuerwehr Kirch-G\u00f6ns mittels eines Bildervortrages. Zum Abschluss der Jahresmitgliederversammlung erl\u00e4uterte Benjamin Griessl den zeitlichen Ablauf von Aufbau, Umbau und Abbau in der Mehrzweckhalle im Verlauf des Festwochenendes vom 27. \u2013 29. Mai. Dann schloss Markus Mohr die Versammlung, deren Teilnehmer noch lange in gem\u00fctlicher Runde beisammensa\u00dfen.<\/p>\n\n\n\n<figure class=\"wp-block-image size-full\"><img loading=\"lazy\" decoding=\"async\" width=\"1024\" height=\"296\" src=\"https:\/\/875jahrekirchgoens.de\/wp-content\/uploads\/2025\/11\/grafik-275.png\" alt=\"\" class=\"wp-image-17692\" srcset=\"http:\/\/875jahrekirchgoens.de\/wp-content\/uploads\/2025\/11\/grafik-275.png 1024w, http:\/\/875jahrekirchgoens.de\/wp-content\/uploads\/2025\/11\/grafik-275-300x87.png 300w, http:\/\/875jahrekirchgoens.de\/wp-content\/uploads\/2025\/11\/grafik-275-768x222.png 768w\" sizes=\"auto, (max-width: 1024px) 100vw, 1024px\" \/><\/figure>\n\n\n\n<figure class=\"wp-block-image size-full\"><img loading=\"lazy\" decoding=\"async\" width=\"1024\" height=\"331\" src=\"https:\/\/875jahrekirchgoens.de\/wp-content\/uploads\/2025\/11\/grafik-276.png\" alt=\"\" class=\"wp-image-17693\" srcset=\"http:\/\/875jahrekirchgoens.de\/wp-content\/uploads\/2025\/11\/grafik-276.png 1024w, http:\/\/875jahrekirchgoens.de\/wp-content\/uploads\/2025\/11\/grafik-276-300x97.png 300w, http:\/\/875jahrekirchgoens.de\/wp-content\/uploads\/2025\/11\/grafik-276-768x248.png 768w\" sizes=\"auto, (max-width: 1024px) 100vw, 1024px\" \/><\/figure>\n\n\n\n<p>Die diesj\u00e4hrige Mitgliederversammlung der Kirch-G\u00f6nser Feuerwehr begann nachmittags mit einer Totenehrung auf dem Friedhof. In der Versammlung selbst wurden mehrere Mitglieder f\u00fcr ihre 50-j\u00e4hrige Vereinszugeh\u00f6rigkeit und weitere f\u00fcr ihr langj\u00e4hriges Engagement f\u00fcr das Feuerl\u00f6schwesen geehrt.<\/p>\n\n\n\n<p>Quelle und Bilder: Butzbacher Zeitung vom 2. Mai 2011<\/p>\n","protected":false},"excerpt":{"rendered":"<p>Am 30. April 1911 wurde der Feuerwehrverein gegr\u00fcndet \/ Viel Lob f\u00fcr Engagement Ungew\u00f6hnlich sp\u00e4t im Jahr fand jetzt am 30. April die Mitgliederversammlung der Freiwilligen Feuerwehr Kirch-G\u00f6ns statt. Doch der Termin wurde bewusst gew\u00e4hlt, denn am 30. April 1911 wurde der Verein einst gegr\u00fcndet. An diesem historischen Datum wollte die Kirch-G\u00f6nser Brandsch\u00fctzer aller bereits &#8230; <a title=\"Kirch-G\u00f6nser Feuerwehr tagte an einem historischen Datum\" class=\"read-more\" href=\"http:\/\/875jahrekirchgoens.de\/?p=17691\" aria-label=\"Mehr Informationen \u00fcber Kirch-G\u00f6nser Feuerwehr tagte an einem historischen Datum\">Weiterlesen<\/a><\/p>\n","protected":false},"author":1,"featured_media":0,"comment_status":"closed","ping_status":"open","sticky":false,"template":"","format":"standard","meta":{"footnotes":""},"categories":[1],"tags":[],"class_list":["post-17691","post","type-post","status-publish","format-standard","hentry","category-infos"],"_links":{"self":[{"href":"http:\/\/875jahrekirchgoens.de\/index.php?rest_route=\/wp\/v2\/posts\/17691","targetHints":{"allow":["GET"]}}],"collection":[{"href":"http:\/\/875jahrekirchgoens.de\/index.php?rest_route=\/wp\/v2\/posts"}],"about":[{"href":"http:\/\/875jahrekirchgoens.de\/index.php?rest_route=\/wp\/v2\/types\/post"}],"author":[{"embeddable":true,"href":"http:\/\/875jahrekirchgoens.de\/index.php?rest_route=\/wp\/v2\/users\/1"}],"replies":[{"embeddable":true,"href":"http:\/\/875jahrekirchgoens.de\/index.php?rest_route=%2Fwp%2Fv2%2Fcomments&post=17691"}],"version-history":[{"count":1,"href":"http:\/\/875jahrekirchgoens.de\/index.php?rest_route=\/wp\/v2\/posts\/17691\/revisions"}],"predecessor-version":[{"id":17694,"href":"http:\/\/875jahrekirchgoens.de\/index.php?rest_route=\/wp\/v2\/posts\/17691\/revisions\/17694"}],"wp:attachment":[{"href":"http:\/\/875jahrekirchgoens.de\/index.php?rest_route=%2Fwp%2Fv2%2Fmedia&parent=17691"}],"wp:term":[{"taxonomy":"category","embeddable":true,"href":"http:\/\/875jahrekirchgoens.de\/index.php?rest_route=%2Fwp%2Fv2%2Fcategories&post=17691"},{"taxonomy":"post_tag","embeddable":true,"href":"http:\/\/875jahrekirchgoens.de\/index.php?rest_route=%2Fwp%2Fv2%2Ftags&post=17691"}],"curies":[{"name":"wp","href":"https:\/\/api.w.org\/{rel}","templated":true}]}}