{"id":17696,"date":"2011-05-24T15:59:00","date_gmt":"2011-05-24T15:59:00","guid":{"rendered":"https:\/\/875jahrekirchgoens.de\/?p=17696"},"modified":"2025-11-24T16:01:04","modified_gmt":"2025-11-24T16:01:04","slug":"kirch-goenser-musiker-feierten-mit-beim-jubilaeum-in-rosche","status":"publish","type":"post","link":"http:\/\/875jahrekirchgoens.de\/?p=17696","title":{"rendered":"Kirch-G\u00f6nser Musiker feierten mit beim Jubil\u00e4um in Rosche"},"content":{"rendered":"\n<p><em>Musik- und Fanfarenzug zur 125-jahr-Feier in Niedersachsen<\/em><\/p>\n\n\n\n<p>Auf eine Konzertreise nach Rosche bei Uelzen blicken die Mitglieder des Musikzuges der Freiwilligen Feuerwehr Kirch-G\u00f6ns zur\u00fcck. J\u00fcngst haben beide Z\u00fcge aus Anlass des 125-j\u00e4hrigen Jubil\u00e4ums der Freiwilligen Feuerwehr Rosche\/Prielip das Fest musikalisch umrahmt. Die Kontakte zwischen den Wehren und den Musikz\u00fcgen der beiden D\u00f6rfer bestehen schon seit Jahrzehnten und w\u00fcrden von dem damaligen Stabf\u00fchrer des Spielmanns- und Fanfarenzuges Kirch-G\u00f6ns Willi Friedrich begr\u00fcndete. Sie haben gehalten und zu vielen gegenseitigen Besuchen, Freundschaften und sogar einer Ehe gef\u00fchrt. Organisatorin war die 1. Vorsitzende des Musikzuges Betty Menk, Albert Ceh, Kurt Schwarzer, Helmut Ceh sowie Siggi Menk f\u00fcr Auf- und Abbau der Instrumente und das Einladen des Gep\u00e4cks beiseite standen. Die Teilnehmer wurde bei der Ankunft von Ortsbrandmeister Gerhard Schulze jun. und den privaten Gastgebern begr\u00fc\u00dft. Der Festkommers am Freitagabend wurde er\u00f6ffnet vom Spielmannszug Rosche, es folgte der Einmarsch und das B\u00fchnenspiel des Fanfarenzuges Kirch-G\u00f6ns unter der Stabf\u00fchrung von Egon Kr\u00e4mer. Der weitere Abend wurde musikalisch umrahmt vom Musikzug Kirch-G\u00f6ns unter der Leitung von Andreas Tr\u00f6ster. Abschluss des Abends war der gro\u00dfe Zapfenstreich. Im Hotel wurde noch in kleiner Runde weiter gefeiert, um den Abend ausklingen zu lassen. Samstag war Ausflugstag. Besichtigt wurde die Schleuse Uelzen, sie ist neben dem Schiffshebewerk in Scharnebeck das zweite imposante Abstiegsbauwerk des Elbe-Seitenkanals. Weiter ging die Fahrt nach Uelzen in die historische Altstadt. Nach dem Gottesdienst am n\u00e4chsten Morgen unterhielten der Musikzug und der Fanfarenzug die Besucher des Fr\u00fchschoppens in der vollbesetzten Festscheune. Die Musiker wurden begeistert gefeiert und mit Standing Ovations und \u201eKommt bald wieder\u201c verabschiedet.<\/p>\n\n\n\n<figure class=\"wp-block-image size-full\"><img loading=\"lazy\" decoding=\"async\" width=\"1024\" height=\"317\" src=\"https:\/\/875jahrekirchgoens.de\/wp-content\/uploads\/2025\/11\/grafik-277.png\" alt=\"\" class=\"wp-image-17697\" srcset=\"http:\/\/875jahrekirchgoens.de\/wp-content\/uploads\/2025\/11\/grafik-277.png 1024w, http:\/\/875jahrekirchgoens.de\/wp-content\/uploads\/2025\/11\/grafik-277-300x93.png 300w, http:\/\/875jahrekirchgoens.de\/wp-content\/uploads\/2025\/11\/grafik-277-768x238.png 768w\" sizes=\"auto, (max-width: 1024px) 100vw, 1024px\" \/><\/figure>\n\n\n\n<p>Der Musik- und Fanfarenzug Kirch-G\u00f6ns war auf gro\u00dfer Fahrt. Beide Z\u00fcge haben das 125-j\u00e4hrige Jubil\u00e4um der Freiwilligen Feuerwehr Rosche\/Niedersachsen musikalisch umrahmt. Auch ein Ausflugsprogramm fehlte nicht. Hier die Reiseteilnehmer bei der Besichtigung des Hundertwasserbahnhofs in Uelzen.<\/p>\n\n\n\n<p>Quelle und Bilder: Butzbacher Zeitung vom 24. Mai 2011<\/p>\n","protected":false},"excerpt":{"rendered":"<p>Musik- und Fanfarenzug zur 125-jahr-Feier in Niedersachsen Auf eine Konzertreise nach Rosche bei Uelzen blicken die Mitglieder des Musikzuges der Freiwilligen Feuerwehr Kirch-G\u00f6ns zur\u00fcck. J\u00fcngst haben beide Z\u00fcge aus Anlass des 125-j\u00e4hrigen Jubil\u00e4ums der Freiwilligen Feuerwehr Rosche\/Prielip das Fest musikalisch umrahmt. Die Kontakte zwischen den Wehren und den Musikz\u00fcgen der beiden D\u00f6rfer bestehen schon seit &#8230; <a title=\"Kirch-G\u00f6nser Musiker feierten mit beim Jubil\u00e4um in Rosche\" class=\"read-more\" href=\"http:\/\/875jahrekirchgoens.de\/?p=17696\" aria-label=\"Mehr Informationen \u00fcber Kirch-G\u00f6nser Musiker feierten mit beim Jubil\u00e4um in Rosche\">Weiterlesen<\/a><\/p>\n","protected":false},"author":1,"featured_media":0,"comment_status":"closed","ping_status":"open","sticky":false,"template":"","format":"standard","meta":{"footnotes":""},"categories":[1],"tags":[],"class_list":["post-17696","post","type-post","status-publish","format-standard","hentry","category-infos"],"_links":{"self":[{"href":"http:\/\/875jahrekirchgoens.de\/index.php?rest_route=\/wp\/v2\/posts\/17696","targetHints":{"allow":["GET"]}}],"collection":[{"href":"http:\/\/875jahrekirchgoens.de\/index.php?rest_route=\/wp\/v2\/posts"}],"about":[{"href":"http:\/\/875jahrekirchgoens.de\/index.php?rest_route=\/wp\/v2\/types\/post"}],"author":[{"embeddable":true,"href":"http:\/\/875jahrekirchgoens.de\/index.php?rest_route=\/wp\/v2\/users\/1"}],"replies":[{"embeddable":true,"href":"http:\/\/875jahrekirchgoens.de\/index.php?rest_route=%2Fwp%2Fv2%2Fcomments&post=17696"}],"version-history":[{"count":1,"href":"http:\/\/875jahrekirchgoens.de\/index.php?rest_route=\/wp\/v2\/posts\/17696\/revisions"}],"predecessor-version":[{"id":17698,"href":"http:\/\/875jahrekirchgoens.de\/index.php?rest_route=\/wp\/v2\/posts\/17696\/revisions\/17698"}],"wp:attachment":[{"href":"http:\/\/875jahrekirchgoens.de\/index.php?rest_route=%2Fwp%2Fv2%2Fmedia&parent=17696"}],"wp:term":[{"taxonomy":"category","embeddable":true,"href":"http:\/\/875jahrekirchgoens.de\/index.php?rest_route=%2Fwp%2Fv2%2Fcategories&post=17696"},{"taxonomy":"post_tag","embeddable":true,"href":"http:\/\/875jahrekirchgoens.de\/index.php?rest_route=%2Fwp%2Fv2%2Ftags&post=17696"}],"curies":[{"name":"wp","href":"https:\/\/api.w.org\/{rel}","templated":true}]}}