{"id":17709,"date":"2011-06-09T16:30:00","date_gmt":"2011-06-09T16:30:00","guid":{"rendered":"https:\/\/875jahrekirchgoens.de\/?p=17709"},"modified":"2025-11-24T16:31:54","modified_gmt":"2025-11-24T16:31:54","slug":"huettenberger-hochzeitsbrauchtum","status":"publish","type":"post","link":"http:\/\/875jahrekirchgoens.de\/?p=17709","title":{"rendered":"H\u00fcttenberger Hochzeitsbrauchtum"},"content":{"rendered":"\n<p>Alle zwei Jahre finden in Asslar bei Wetzlar kulturelle Veranstaltungen unter der Bezeichnung Sommermatinee statt. Am letzten Wochenende stand Brauchtum aus der Umgebung auf dem Programm. Mit dabei war der Kirch-G\u00f6nser Heimat- und Backhausverein, der wieder einmal vor zahlreichen Publikum H\u00fcttenberger Hochzeitsbrauchtum vorf\u00fchrte. Hierzu geh\u00f6rte um 1900 das Aufsagen von so genannten Ehestandsspr\u00fcchen durch Kinder in \u201ewohl gesetzter Rede\u201c, wie das damals hie\u00df. Jetzt schon bei etlichen Auftritten der Trachtengruppe sagte Kathrin Winter ein solches Spr\u00fcchlein auf. So auch in Asslar mit \u201eEin Hoch dem jungen Paar. Es sei gl\u00fccklich Jahr f\u00fcr Jahr. Nichts tr\u00fcbe seine Harmonie. Ein Hoch auf ihn und jetzt auf sie\u201c. Wie immer bekam Kathrin Winter einen besonderen Applaus des Publikums f\u00fcr ihren Spruch. Den wird sich auf am kommenden Freitagabend beim Hessentagauftakt in Oberursel aufsagen. Dort nimmt der Kirch-G\u00f6nser Heimat- und Backhausverein an der Auftaktveranstaltung der HVT, der Hessischen Vereinigung f\u00fcr Tanz- und Trachtenpflege, im Zelt \u201eTrachtenland Hessen\u201c vor dem Rathaus ab 19.00 Uhr teil.<\/p>\n\n\n<div class=\"wp-block-image\">\n<figure class=\"aligncenter size-full\"><img loading=\"lazy\" decoding=\"async\" width=\"500\" height=\"356\" src=\"https:\/\/875jahrekirchgoens.de\/wp-content\/uploads\/2025\/11\/grafik-281.png\" alt=\"\" class=\"wp-image-17710\" srcset=\"http:\/\/875jahrekirchgoens.de\/wp-content\/uploads\/2025\/11\/grafik-281.png 500w, http:\/\/875jahrekirchgoens.de\/wp-content\/uploads\/2025\/11\/grafik-281-300x214.png 300w\" sizes=\"auto, (max-width: 500px) 100vw, 500px\" \/><\/figure><\/div>\n\n\n<p>Quelle und Bild: Butzbacher Zeitung vom 9. Juni 2011<\/p>\n","protected":false},"excerpt":{"rendered":"<p>Alle zwei Jahre finden in Asslar bei Wetzlar kulturelle Veranstaltungen unter der Bezeichnung Sommermatinee statt. Am letzten Wochenende stand Brauchtum aus der Umgebung auf dem Programm. Mit dabei war der Kirch-G\u00f6nser Heimat- und Backhausverein, der wieder einmal vor zahlreichen Publikum H\u00fcttenberger Hochzeitsbrauchtum vorf\u00fchrte. Hierzu geh\u00f6rte um 1900 das Aufsagen von so genannten Ehestandsspr\u00fcchen durch Kinder &#8230; <a title=\"H\u00fcttenberger Hochzeitsbrauchtum\" class=\"read-more\" href=\"http:\/\/875jahrekirchgoens.de\/?p=17709\" aria-label=\"Mehr Informationen \u00fcber H\u00fcttenberger Hochzeitsbrauchtum\">Weiterlesen<\/a><\/p>\n","protected":false},"author":1,"featured_media":0,"comment_status":"closed","ping_status":"open","sticky":false,"template":"","format":"standard","meta":{"footnotes":""},"categories":[1],"tags":[],"class_list":["post-17709","post","type-post","status-publish","format-standard","hentry","category-infos"],"_links":{"self":[{"href":"http:\/\/875jahrekirchgoens.de\/index.php?rest_route=\/wp\/v2\/posts\/17709","targetHints":{"allow":["GET"]}}],"collection":[{"href":"http:\/\/875jahrekirchgoens.de\/index.php?rest_route=\/wp\/v2\/posts"}],"about":[{"href":"http:\/\/875jahrekirchgoens.de\/index.php?rest_route=\/wp\/v2\/types\/post"}],"author":[{"embeddable":true,"href":"http:\/\/875jahrekirchgoens.de\/index.php?rest_route=\/wp\/v2\/users\/1"}],"replies":[{"embeddable":true,"href":"http:\/\/875jahrekirchgoens.de\/index.php?rest_route=%2Fwp%2Fv2%2Fcomments&post=17709"}],"version-history":[{"count":1,"href":"http:\/\/875jahrekirchgoens.de\/index.php?rest_route=\/wp\/v2\/posts\/17709\/revisions"}],"predecessor-version":[{"id":17711,"href":"http:\/\/875jahrekirchgoens.de\/index.php?rest_route=\/wp\/v2\/posts\/17709\/revisions\/17711"}],"wp:attachment":[{"href":"http:\/\/875jahrekirchgoens.de\/index.php?rest_route=%2Fwp%2Fv2%2Fmedia&parent=17709"}],"wp:term":[{"taxonomy":"category","embeddable":true,"href":"http:\/\/875jahrekirchgoens.de\/index.php?rest_route=%2Fwp%2Fv2%2Fcategories&post=17709"},{"taxonomy":"post_tag","embeddable":true,"href":"http:\/\/875jahrekirchgoens.de\/index.php?rest_route=%2Fwp%2Fv2%2Ftags&post=17709"}],"curies":[{"name":"wp","href":"https:\/\/api.w.org\/{rel}","templated":true}]}}