{"id":17713,"date":"2011-06-18T16:33:00","date_gmt":"2011-06-18T16:33:00","guid":{"rendered":"https:\/\/875jahrekirchgoens.de\/?p=17713"},"modified":"2025-11-24T16:34:33","modified_gmt":"2025-11-24T16:34:33","slug":"gelungene-premiere-von-let-it-shine","status":"publish","type":"post","link":"http:\/\/875jahrekirchgoens.de\/?p=17713","title":{"rendered":"Gelungene Premiere von Let it shine"},"content":{"rendered":"\n<p><em>Kirch-G\u00f6nser Gospelchor \u00fcberzeugte Besucher in der Kirche \/ Erstes komplettes Konzert<\/em><\/p>\n\n\n\n<p>Ein mit viel Beifall bedachtes Konzert gab es am Pfingstmontag in der Kirch-G\u00f6nser Dorfkirche. Der im Januar letzten Jahres neu gegr\u00fcndete Kirch-G\u00f6nser Gospelchor \u201eLet it shine\u201c gab sein erstes offizielles Konzert. Unter der Leitung seiner Dirigentin Ulla Knoop (Langg\u00f6ns) stimmte das 19-k\u00f6pfige \u00fcberwiegend weibliche Ensemble in dem voll besetzten romantischen Gotteshaus ein gutes Dutzend Songs aus dem reichen Repertoire der aus Amerika stammenden Kirchenlieder der urspr\u00fcnglich schwarzen Gemeinde des S\u00fcdens an. Das Publikum ging begeistert mit. Erl\u00e4uterungen zu den einzelnen Liedern samt der \u00dcbersetzung der Titel gab es von Ulla Knoop. Gemeindepfarrer William Thum erz\u00e4hlte zwischendurch leicht augenzwinkernd heitere Episoden aus dem Kirchenleben, und Worte ans Publikum fan auch Claudia Binzer, die 2. Vorsitzende des Gesangverein 1862 Kirch-G\u00f6ns, zu dem der Chor geh\u00f6rt. Claudia Binzer ging nach dem Auftaktlied \u201eGold help\u201c mit ihren Ausf\u00fchrungen auf Geschichte des Chors ein. Der war urspr\u00fcnglich ein kurzes Projekt des Gesangvereins 1862 Kirch-G\u00f6ns gewesen. Er habe dann aber so viel Anklang gefunden, dass man ihn fortgesetzt habe als einen eigenst\u00e4ndigen Chor. Das erste Konzert habe es gegeben beim Einf\u00fchrungsgottesdienst der letztj\u00e4hrigen Kirch-G\u00f6nser Konfirmanden. Urspr\u00fcnglicher Chorleiter war Patrick Stinka, der sich mittlerweile nach Berlin verabschiedet habe. Ulla Knoop sei ihm dann als Dirigentin gefolgt, und nun stehe man nach ausgiebigen Proben und erster Gesangst\u00e4tigkeit vor dem ersten \u00f6ffentlichen Konzert, dem hoffentlich noch viele Auftritte folgen. Dann erklang das Lied, nach dem sich der Gospelchor Kirch-G\u00f6ns benannt hat: \u201eThis little light of mine, let is shine\u201c. Pfarrer Thum er\u00f6ffnete seine erste Geschichte mit einem \u201eWort zu Pfingsten\u201c. Pfingsten sie das immer wieder neue Hoffnung stiftende Kirchenfest am \u00dcbergang vom Fr\u00fchjahr zum Sommer, an dem f\u00fcr Ihn Spannendes und etwas Neues geschehe. n einer christlichen Gemeinde habe einmal ein neuer Pfarrer seine erste Stelle angetreten und dabei in seiner \u201eJungfernrede\u201c eine z\u00fcndende Predig gehalten. Die ganze Gemeinde sei begeistert gewesen von seinen Worten und sei am n\u00e4chsten Sonntag erwartungsvoll in die Kirche gestr\u00f6mt. Umso mehr habe man sich gewundert, wortgenau wieder die gleiche Predigt wie beim ersten Mal zu h\u00f6ren, und dann auch beim zweiten, dritten, vierten, f\u00fcnften, sechsten Mal. \u201ewarum predigst Du immer das Gleiche?\u201c, habe man da den Pfarrer gefragt, und er habe geantwortet: \u201eWarum seid Ihr immer noch die Gleichen wie vor sechs Wochen. Ich habe Euch doch in meiner Predigt aufgezeigt, was Ihr anders und besser machen sollt. Aber Ihr habt rein gar nichts in die Tat umgesetzt und Euch nicht ge\u00e4ndert. Also gibt es auch keine andere Predigt!\u201c. Alsbald k\u00fcndigte Claudia Binzer das letzte Lied des Konzerts an, und die Kirch-G\u00f6nser Gesangsvorsitzende Hanni Frischmuth \u00fcberreichte Ulla Knoop einen gro\u00dfen, bunten Blumenstrau\u00df: \u201eEs hat uns allen gro\u00dfen Spa\u00df bereitet! Ihr habt so intensiv geprobt!\u201c.<\/p>\n\n\n<div class=\"wp-block-image\">\n<figure class=\"aligncenter size-full\"><img loading=\"lazy\" decoding=\"async\" width=\"512\" height=\"367\" src=\"https:\/\/875jahrekirchgoens.de\/wp-content\/uploads\/2025\/11\/grafik-282.png\" alt=\"\" class=\"wp-image-17714\" srcset=\"http:\/\/875jahrekirchgoens.de\/wp-content\/uploads\/2025\/11\/grafik-282.png 512w, http:\/\/875jahrekirchgoens.de\/wp-content\/uploads\/2025\/11\/grafik-282-300x215.png 300w\" sizes=\"auto, (max-width: 512px) 100vw, 512px\" \/><\/figure><\/div>\n\n\n<p>Der Kirch-G\u00f6nser Gospelchor \u201eLet it shine\u201c unter der Leitung von Ulla Knoop trat in der Kirche des Butzbacher Stadtteils auf.<\/p>\n\n\n\n<p>Quelle und Bild: Butzbacher Zeitung vom 18. Juni 2011<\/p>\n","protected":false},"excerpt":{"rendered":"<p>Kirch-G\u00f6nser Gospelchor \u00fcberzeugte Besucher in der Kirche \/ Erstes komplettes Konzert Ein mit viel Beifall bedachtes Konzert gab es am Pfingstmontag in der Kirch-G\u00f6nser Dorfkirche. Der im Januar letzten Jahres neu gegr\u00fcndete Kirch-G\u00f6nser Gospelchor \u201eLet it shine\u201c gab sein erstes offizielles Konzert. Unter der Leitung seiner Dirigentin Ulla Knoop (Langg\u00f6ns) stimmte das 19-k\u00f6pfige \u00fcberwiegend weibliche &#8230; <a title=\"Gelungene Premiere von Let it shine\" class=\"read-more\" href=\"http:\/\/875jahrekirchgoens.de\/?p=17713\" aria-label=\"Mehr Informationen \u00fcber Gelungene Premiere von Let it shine\">Weiterlesen<\/a><\/p>\n","protected":false},"author":1,"featured_media":0,"comment_status":"closed","ping_status":"open","sticky":false,"template":"","format":"standard","meta":{"footnotes":""},"categories":[1],"tags":[],"class_list":["post-17713","post","type-post","status-publish","format-standard","hentry","category-infos"],"_links":{"self":[{"href":"http:\/\/875jahrekirchgoens.de\/index.php?rest_route=\/wp\/v2\/posts\/17713","targetHints":{"allow":["GET"]}}],"collection":[{"href":"http:\/\/875jahrekirchgoens.de\/index.php?rest_route=\/wp\/v2\/posts"}],"about":[{"href":"http:\/\/875jahrekirchgoens.de\/index.php?rest_route=\/wp\/v2\/types\/post"}],"author":[{"embeddable":true,"href":"http:\/\/875jahrekirchgoens.de\/index.php?rest_route=\/wp\/v2\/users\/1"}],"replies":[{"embeddable":true,"href":"http:\/\/875jahrekirchgoens.de\/index.php?rest_route=%2Fwp%2Fv2%2Fcomments&post=17713"}],"version-history":[{"count":1,"href":"http:\/\/875jahrekirchgoens.de\/index.php?rest_route=\/wp\/v2\/posts\/17713\/revisions"}],"predecessor-version":[{"id":17715,"href":"http:\/\/875jahrekirchgoens.de\/index.php?rest_route=\/wp\/v2\/posts\/17713\/revisions\/17715"}],"wp:attachment":[{"href":"http:\/\/875jahrekirchgoens.de\/index.php?rest_route=%2Fwp%2Fv2%2Fmedia&parent=17713"}],"wp:term":[{"taxonomy":"category","embeddable":true,"href":"http:\/\/875jahrekirchgoens.de\/index.php?rest_route=%2Fwp%2Fv2%2Fcategories&post=17713"},{"taxonomy":"post_tag","embeddable":true,"href":"http:\/\/875jahrekirchgoens.de\/index.php?rest_route=%2Fwp%2Fv2%2Ftags&post=17713"}],"curies":[{"name":"wp","href":"https:\/\/api.w.org\/{rel}","templated":true}]}}