{"id":17751,"date":"2013-02-27T17:11:00","date_gmt":"2013-02-27T17:11:00","guid":{"rendered":"https:\/\/875jahrekirchgoens.de\/?p=17751"},"modified":"2025-11-24T17:13:24","modified_gmt":"2025-11-24T17:13:24","slug":"der-gesangverein-kirch-goens-hatte-zum-schlachtfest-2","status":"publish","type":"post","link":"http:\/\/875jahrekirchgoens.de\/?p=17751","title":{"rendered":"Der Gesangverein Kirch-G\u00f6ns hatte zum Schlachtfest \u2026"},"content":{"rendered":"\n<p>\u2026in das B\u00fcrgerhaus eingeladen. Zahlreiche Helferinnen und Helfer des 1862 gegr\u00fcndeten Vereins waren am Samstag im Einsatz und hatten alle H\u00e4nde voll zu tun, um die Metzelsuppe, Wellfleisch, Hackbraten und Bratw\u00fcrste den hungrigen Besuchern zu servieren. Auch f\u00fcr Kaffee und selbstgebackene Kuchen hatte der Verein gesorgt, der am sp\u00e4ten Nachmittag zum Abschluss z\u00fcnftige Schlachtplatten bereithielt. Zur Unterhaltung trat au\u00dferdem der Gospelchor \u201eLet it shine\u201c auf.<\/p>\n\n\n\n<figure class=\"wp-block-image size-full\"><img loading=\"lazy\" decoding=\"async\" width=\"1024\" height=\"746\" src=\"https:\/\/875jahrekirchgoens.de\/wp-content\/uploads\/2025\/11\/grafik-290.png\" alt=\"\" class=\"wp-image-17752\" srcset=\"http:\/\/875jahrekirchgoens.de\/wp-content\/uploads\/2025\/11\/grafik-290.png 1024w, http:\/\/875jahrekirchgoens.de\/wp-content\/uploads\/2025\/11\/grafik-290-300x219.png 300w, http:\/\/875jahrekirchgoens.de\/wp-content\/uploads\/2025\/11\/grafik-290-768x560.png 768w\" sizes=\"auto, (max-width: 1024px) 100vw, 1024px\" \/><\/figure>\n\n\n\n<p>\u2026in das B\u00fcrgerhaus eingeladen. Zahlreiche Helferinnen und Helfer des 1862 gegr\u00fcndeten Vereins waren am Samstag im Einsatz und hatten alle H\u00e4nde voll zu tun, um die Metzelsuppe, Wellfleisch, Hackbraten und Bratw\u00fcrste den hungrigen Besuchern zu servieren. Auch f\u00fcr Kaffee und selbstgebackene Kuchen hatte der Verein gesorgt, der am sp\u00e4ten Nachmittag zum Abschluss z\u00fcnftige Schlachtplatten bereithielt. Zur Unterhaltung trat au\u00dferdem der Gospelchor \u201eLet it shine\u201c auf.<\/p>\n\n\n\n<p>Quelle und Bilder: Butzbacher Zeitung vom 27. Februar 2013<\/p>\n","protected":false},"excerpt":{"rendered":"<p>\u2026in das B\u00fcrgerhaus eingeladen. Zahlreiche Helferinnen und Helfer des 1862 gegr\u00fcndeten Vereins waren am Samstag im Einsatz und hatten alle H\u00e4nde voll zu tun, um die Metzelsuppe, Wellfleisch, Hackbraten und Bratw\u00fcrste den hungrigen Besuchern zu servieren. Auch f\u00fcr Kaffee und selbstgebackene Kuchen hatte der Verein gesorgt, der am sp\u00e4ten Nachmittag zum Abschluss z\u00fcnftige Schlachtplatten bereithielt. &#8230; <a title=\"Der Gesangverein Kirch-G\u00f6ns hatte zum Schlachtfest \u2026\" class=\"read-more\" href=\"http:\/\/875jahrekirchgoens.de\/?p=17751\" aria-label=\"Mehr Informationen \u00fcber Der Gesangverein Kirch-G\u00f6ns hatte zum Schlachtfest \u2026\">Weiterlesen<\/a><\/p>\n","protected":false},"author":1,"featured_media":0,"comment_status":"closed","ping_status":"open","sticky":false,"template":"","format":"standard","meta":{"footnotes":""},"categories":[1],"tags":[],"class_list":["post-17751","post","type-post","status-publish","format-standard","hentry","category-infos"],"_links":{"self":[{"href":"http:\/\/875jahrekirchgoens.de\/index.php?rest_route=\/wp\/v2\/posts\/17751","targetHints":{"allow":["GET"]}}],"collection":[{"href":"http:\/\/875jahrekirchgoens.de\/index.php?rest_route=\/wp\/v2\/posts"}],"about":[{"href":"http:\/\/875jahrekirchgoens.de\/index.php?rest_route=\/wp\/v2\/types\/post"}],"author":[{"embeddable":true,"href":"http:\/\/875jahrekirchgoens.de\/index.php?rest_route=\/wp\/v2\/users\/1"}],"replies":[{"embeddable":true,"href":"http:\/\/875jahrekirchgoens.de\/index.php?rest_route=%2Fwp%2Fv2%2Fcomments&post=17751"}],"version-history":[{"count":1,"href":"http:\/\/875jahrekirchgoens.de\/index.php?rest_route=\/wp\/v2\/posts\/17751\/revisions"}],"predecessor-version":[{"id":17753,"href":"http:\/\/875jahrekirchgoens.de\/index.php?rest_route=\/wp\/v2\/posts\/17751\/revisions\/17753"}],"wp:attachment":[{"href":"http:\/\/875jahrekirchgoens.de\/index.php?rest_route=%2Fwp%2Fv2%2Fmedia&parent=17751"}],"wp:term":[{"taxonomy":"category","embeddable":true,"href":"http:\/\/875jahrekirchgoens.de\/index.php?rest_route=%2Fwp%2Fv2%2Fcategories&post=17751"},{"taxonomy":"post_tag","embeddable":true,"href":"http:\/\/875jahrekirchgoens.de\/index.php?rest_route=%2Fwp%2Fv2%2Ftags&post=17751"}],"curies":[{"name":"wp","href":"https:\/\/api.w.org\/{rel}","templated":true}]}}