{"id":17777,"date":"2012-06-23T16:50:00","date_gmt":"2012-06-23T16:50:00","guid":{"rendered":"https:\/\/875jahrekirchgoens.de\/?p=17777"},"modified":"2025-11-25T16:51:13","modified_gmt":"2025-11-25T16:51:13","slug":"kinder-besichtigten-maisfeld","status":"publish","type":"post","link":"http:\/\/875jahrekirchgoens.de\/?p=17777","title":{"rendered":"Kinder besichtigten Maisfeld"},"content":{"rendered":"\n<p>Vor drei Wochen hatte die Kindergruppe des Kirch-G\u00f6nser Heimat- und Backhausverein auf einem Feld Maisk\u00f6rner ausges\u00e4t. Jetzt schauten die Kinder nach, was daraus geworden ist und staunten, wie hoch schon die Maispflanzen gewachsen sind. Anschlie\u00dfend machten sie noch einen Spaziergang durch die Kirch-G\u00f6nser Gemarkung, und G\u00fcnter Weber der Vereinsvorsitzende, erkl\u00e4rte den Kindern viele Wildpflanzen am Wegesrand mit deren Namen und erl\u00e4uterte den speziellen Wuchs. Auch eine Kolonie Weinbergschnecken erregte gro\u00dfe Aufmerksamkeit bei den Kindern.<\/p>\n\n\n<div class=\"wp-block-image\">\n<figure class=\"aligncenter size-full\"><img loading=\"lazy\" decoding=\"async\" width=\"512\" height=\"373\" src=\"https:\/\/875jahrekirchgoens.de\/wp-content\/uploads\/2025\/11\/grafik-296.png\" alt=\"\" class=\"wp-image-17778\" srcset=\"http:\/\/875jahrekirchgoens.de\/wp-content\/uploads\/2025\/11\/grafik-296.png 512w, http:\/\/875jahrekirchgoens.de\/wp-content\/uploads\/2025\/11\/grafik-296-300x219.png 300w\" sizes=\"auto, (max-width: 512px) 100vw, 512px\" \/><\/figure><\/div>\n\n\n<p>Quelle und Bild: Butzbacher Zeitung vom 23. Juni 2012<\/p>\n","protected":false},"excerpt":{"rendered":"<p>Vor drei Wochen hatte die Kindergruppe des Kirch-G\u00f6nser Heimat- und Backhausverein auf einem Feld Maisk\u00f6rner ausges\u00e4t. Jetzt schauten die Kinder nach, was daraus geworden ist und staunten, wie hoch schon die Maispflanzen gewachsen sind. Anschlie\u00dfend machten sie noch einen Spaziergang durch die Kirch-G\u00f6nser Gemarkung, und G\u00fcnter Weber der Vereinsvorsitzende, erkl\u00e4rte den Kindern viele Wildpflanzen am &#8230; <a title=\"Kinder besichtigten Maisfeld\" class=\"read-more\" href=\"http:\/\/875jahrekirchgoens.de\/?p=17777\" aria-label=\"Mehr Informationen \u00fcber Kinder besichtigten Maisfeld\">Weiterlesen<\/a><\/p>\n","protected":false},"author":1,"featured_media":0,"comment_status":"closed","ping_status":"open","sticky":false,"template":"","format":"standard","meta":{"footnotes":""},"categories":[1],"tags":[],"class_list":["post-17777","post","type-post","status-publish","format-standard","hentry","category-infos"],"_links":{"self":[{"href":"http:\/\/875jahrekirchgoens.de\/index.php?rest_route=\/wp\/v2\/posts\/17777","targetHints":{"allow":["GET"]}}],"collection":[{"href":"http:\/\/875jahrekirchgoens.de\/index.php?rest_route=\/wp\/v2\/posts"}],"about":[{"href":"http:\/\/875jahrekirchgoens.de\/index.php?rest_route=\/wp\/v2\/types\/post"}],"author":[{"embeddable":true,"href":"http:\/\/875jahrekirchgoens.de\/index.php?rest_route=\/wp\/v2\/users\/1"}],"replies":[{"embeddable":true,"href":"http:\/\/875jahrekirchgoens.de\/index.php?rest_route=%2Fwp%2Fv2%2Fcomments&post=17777"}],"version-history":[{"count":1,"href":"http:\/\/875jahrekirchgoens.de\/index.php?rest_route=\/wp\/v2\/posts\/17777\/revisions"}],"predecessor-version":[{"id":17779,"href":"http:\/\/875jahrekirchgoens.de\/index.php?rest_route=\/wp\/v2\/posts\/17777\/revisions\/17779"}],"wp:attachment":[{"href":"http:\/\/875jahrekirchgoens.de\/index.php?rest_route=%2Fwp%2Fv2%2Fmedia&parent=17777"}],"wp:term":[{"taxonomy":"category","embeddable":true,"href":"http:\/\/875jahrekirchgoens.de\/index.php?rest_route=%2Fwp%2Fv2%2Fcategories&post=17777"},{"taxonomy":"post_tag","embeddable":true,"href":"http:\/\/875jahrekirchgoens.de\/index.php?rest_route=%2Fwp%2Fv2%2Ftags&post=17777"}],"curies":[{"name":"wp","href":"https:\/\/api.w.org\/{rel}","templated":true}]}}