{"id":17781,"date":"2012-06-29T16:53:00","date_gmt":"2012-06-29T16:53:00","guid":{"rendered":"https:\/\/875jahrekirchgoens.de\/?p=17781"},"modified":"2025-11-25T16:53:46","modified_gmt":"2025-11-25T16:53:46","slug":"ehemalige-schueler-feierten-mit-klassenlehrer","status":"publish","type":"post","link":"http:\/\/875jahrekirchgoens.de\/?p=17781","title":{"rendered":"Ehemalige Sch\u00fcler feierten mit Klassenlehrer"},"content":{"rendered":"\n<p>F\u00fcnfundzwanzig Jahre Schulentlassung feierten jetzt in Kirch-G\u00f6ns ehemalige Sch\u00fclerinnen und Sch\u00fcler der Klasse 10 R1 der Mittelpunktschule \u201eOberer H\u00fcttenberg\u201c. Im Jahre 1987 wurden sie von der Schule und ihrem Klassenlehrer Wolfgang Kl\u00fcber in Berufsausbildung und weiterf\u00fchrende Schulen entlassen. Von den einst vierundzwanzig Sch\u00fclerinnen und Sch\u00fcler trafen sich jetzt elf mit Lehrer vor der Schule, um das Jubil\u00e4um zu feiern. Nach dem obligatorischen Gruppenfoto fand ein gemeinsames Essen statt, bei dem viele Erinnerungen ausgetauscht und \u00fcber den Werdegang der Einzelnen berichtet wurde.<\/p>\n\n\n<div class=\"wp-block-image\">\n<figure class=\"aligncenter size-full\"><img loading=\"lazy\" decoding=\"async\" width=\"512\" height=\"380\" src=\"https:\/\/875jahrekirchgoens.de\/wp-content\/uploads\/2025\/11\/grafik-297.png\" alt=\"\" class=\"wp-image-17782\" srcset=\"http:\/\/875jahrekirchgoens.de\/wp-content\/uploads\/2025\/11\/grafik-297.png 512w, http:\/\/875jahrekirchgoens.de\/wp-content\/uploads\/2025\/11\/grafik-297-300x223.png 300w\" sizes=\"auto, (max-width: 512px) 100vw, 512px\" \/><\/figure><\/div>\n\n\n<p>Quelle und Bild: Butzbacher Zeitung vom 29. Juni 2012<\/p>\n","protected":false},"excerpt":{"rendered":"<p>F\u00fcnfundzwanzig Jahre Schulentlassung feierten jetzt in Kirch-G\u00f6ns ehemalige Sch\u00fclerinnen und Sch\u00fcler der Klasse 10 R1 der Mittelpunktschule \u201eOberer H\u00fcttenberg\u201c. Im Jahre 1987 wurden sie von der Schule und ihrem Klassenlehrer Wolfgang Kl\u00fcber in Berufsausbildung und weiterf\u00fchrende Schulen entlassen. Von den einst vierundzwanzig Sch\u00fclerinnen und Sch\u00fcler trafen sich jetzt elf mit Lehrer vor der Schule, um &#8230; <a title=\"Ehemalige Sch\u00fcler feierten mit Klassenlehrer\" class=\"read-more\" href=\"http:\/\/875jahrekirchgoens.de\/?p=17781\" aria-label=\"Mehr Informationen \u00fcber Ehemalige Sch\u00fcler feierten mit Klassenlehrer\">Weiterlesen<\/a><\/p>\n","protected":false},"author":1,"featured_media":0,"comment_status":"closed","ping_status":"open","sticky":false,"template":"","format":"standard","meta":{"footnotes":""},"categories":[1],"tags":[],"class_list":["post-17781","post","type-post","status-publish","format-standard","hentry","category-infos"],"_links":{"self":[{"href":"http:\/\/875jahrekirchgoens.de\/index.php?rest_route=\/wp\/v2\/posts\/17781","targetHints":{"allow":["GET"]}}],"collection":[{"href":"http:\/\/875jahrekirchgoens.de\/index.php?rest_route=\/wp\/v2\/posts"}],"about":[{"href":"http:\/\/875jahrekirchgoens.de\/index.php?rest_route=\/wp\/v2\/types\/post"}],"author":[{"embeddable":true,"href":"http:\/\/875jahrekirchgoens.de\/index.php?rest_route=\/wp\/v2\/users\/1"}],"replies":[{"embeddable":true,"href":"http:\/\/875jahrekirchgoens.de\/index.php?rest_route=%2Fwp%2Fv2%2Fcomments&post=17781"}],"version-history":[{"count":1,"href":"http:\/\/875jahrekirchgoens.de\/index.php?rest_route=\/wp\/v2\/posts\/17781\/revisions"}],"predecessor-version":[{"id":17783,"href":"http:\/\/875jahrekirchgoens.de\/index.php?rest_route=\/wp\/v2\/posts\/17781\/revisions\/17783"}],"wp:attachment":[{"href":"http:\/\/875jahrekirchgoens.de\/index.php?rest_route=%2Fwp%2Fv2%2Fmedia&parent=17781"}],"wp:term":[{"taxonomy":"category","embeddable":true,"href":"http:\/\/875jahrekirchgoens.de\/index.php?rest_route=%2Fwp%2Fv2%2Fcategories&post=17781"},{"taxonomy":"post_tag","embeddable":true,"href":"http:\/\/875jahrekirchgoens.de\/index.php?rest_route=%2Fwp%2Fv2%2Ftags&post=17781"}],"curies":[{"name":"wp","href":"https:\/\/api.w.org\/{rel}","templated":true}]}}