{"id":17785,"date":"2012-06-29T17:00:00","date_gmt":"2012-06-29T17:00:00","guid":{"rendered":"https:\/\/875jahrekirchgoens.de\/?p=17785"},"modified":"2025-11-25T17:01:19","modified_gmt":"2025-11-25T17:01:19","slug":"trotz-vieler-veraenderungen-engagiert-an-guten-abschluessen-gearbeitet","status":"publish","type":"post","link":"http:\/\/875jahrekirchgoens.de\/?p=17785","title":{"rendered":"Trotz vieler Ver\u00e4nderungen engagiert an guten Abschl\u00fcssen gearbeitet"},"content":{"rendered":"\n<p><em>Mittelpunktschule Oberer H\u00fcttenberg verabschiedet 80 Absolventen \/ Gute Schulgemeinschaft<\/em><\/p>\n\n\n\n<p>Am Freitag fand in der Ebersg\u00f6nser Sporthalle die Verabschiedung der Sch\u00fcler der Abschlussklassen der Mittelpunktschule Oberer H\u00fcttenberg statt. Schon bei der Begr\u00fc\u00dfung der G\u00e4ste durch Michelle Bayersd\u00f6rfer und Florian Hampel war zu merken, dass diese Veranstaltung f\u00fcr die Jugendlichen etwas Besonderes darstellte und die Herzen h\u00f6herschlagen lie\u00df. Schulleiter J\u00fcrgen Lind-Langer verlieh seiner Freude \u00fcber den guten Besuch der Abschlussfeier durch Familienangeh\u00f6rige und Freunde der Absolventen wie auch des Lehrerkollegiums besonderen Ausdruck, stelle dies doch das gute Verh\u00e4ltnis der gesamten Schulgemeinde unter Beweis. Sein besonderer Gru\u00df galt dem Vorsitzenden des Schulelternbeirats und des F\u00f6rdervereins der MPS, Carsten Henkel. \u201eDas Ender der Schulzeit erzeugt bei euch sicherlich erst einmal ein freudiges, auf der anderen Seite aber vielleicht auch ein mulmiges Gef\u00fchl, da ihr nun einen neuen Lebensabschnitt betetet, von dem ihr nicht wisst, was er alles mit sich bringen wird\u201c, so der Schulleiter zu Beginn seiner Ausf\u00fchrungen. Im weiteren Verlauf seiner Rede ging Lind-Langer auf Besonderheiten des abgelaufenen Schuljahres, das von Ver\u00e4nderungen gepr\u00e4gt gewesen sein, ein und betonte, das man trotz der Entscheidung der Politik, die Sekundarstufe der MPS auslaufen zu lassen, die von vielen nach wie vor als falsch erachtet werde, und trotz der Tatsache, dass in diesem Jahr die Jahrgangsstufe f\u00fcnf nicht mehr aufgenommen werden durfte, bem\u00fcht sein, die Schule attraktiv und konkurrenzf\u00e4hig zu gestalten. So sei es z. B. erfolgreich gelungen, ein Ganztagesangebot mit Arbeitsgemeinschaften und Mittagsbetreuung f\u00fcr Grundschule und Sekundarstufe 1 einzurichten. Dar\u00fcber hinaus bestehe eine hervorragende Kooperation mit dem ABC-Club. Trotz der widrigen Begleitumst\u00e4nde bestehe ein ausgezeichnetes Schulklima, ein sehr gutes und enges Lehrer-\/Sch\u00fclerverh\u00e4ltnis, und es werde eine hervorragende engagierte Arbeit geleistet, was an den guten Ergebnissen der Abschlussklassen ablesbar sei. Auch in den kommenden Schuljahren werde sich daran nichts \u00e4ndern. Allen Sch\u00fclern der MPS werde auch weiterhin eine optimale Versorgung und ein qualitativ hochwertiger Unterricht zuteilwerden und gute Abschl\u00fcsse erm\u00f6glicht. Insgesamt, so Lind-Langer, verlassen in diesem Jahr 80 Sch\u00fcler die MPS, davon 64 mit einem Realschulabschluss und 16 mit einem Hauptschulabschluss. Ganz besonders freute sich der Schulleiter \u00fcber neun qualifizierte Hauptschul- und 42 qualifizierte Realschulabschl\u00fcsse, die zu weiterer, h\u00f6herer schulischer Laufbahn berechtigten. Zum Schluss seiner Verabschiedungsrede gab der Schulleiter den Abschlusssch\u00fclern noch einige gute W\u00fcnsche mit auf ihren weiteren Lebensweg, den Mut auch schwierige Wege zu gehen oder auch niemals ihre Ziele und Tr\u00e4ume aus den Augen zu verlieren.<\/p>\n\n\n\n<figure class=\"wp-block-image size-full\"><img loading=\"lazy\" decoding=\"async\" width=\"1024\" height=\"645\" src=\"https:\/\/875jahrekirchgoens.de\/wp-content\/uploads\/2025\/11\/grafik-299.png\" alt=\"\" class=\"wp-image-17787\" srcset=\"http:\/\/875jahrekirchgoens.de\/wp-content\/uploads\/2025\/11\/grafik-299.png 1024w, http:\/\/875jahrekirchgoens.de\/wp-content\/uploads\/2025\/11\/grafik-299-300x189.png 300w, http:\/\/875jahrekirchgoens.de\/wp-content\/uploads\/2025\/11\/grafik-299-768x484.png 768w\" sizes=\"auto, (max-width: 1024px) 100vw, 1024px\" \/><\/figure>\n\n\n\n<p>Als n\u00e4chstes stand die Ehrung der Klassenbesten auf dem Programm, die vom Vorsitzenden des Schulelternbeirates, Carsten Henkel, vorgenommen wurde. Als Belohnung f\u00fcr besondere Leistungen \u00fcberreichte er den folgenden Sch\u00fclerinnen und Sch\u00fclern Buchgutscheine: Rachid El-Haji (Klasse 9H mit einem Notendurchschnitt von 2,1); Leonie Schmidt (10 H, 2,0); Michelle Bayersd\u00f6rfer (10 R1, 1,6); Christoph M\u00fcller (10R2 1,8); Kim Kuschmierz (10R3 1,4); Yannik Woiwod (10R3 1,4) und Anne Bopf (10R3 1,4). In aufgelockerter Form ging es weiter mit einem \u201elustigen Lehrerraten\u201c, bei den besonderen Verhaltensweisen einzelner Lehrer aufs Korn genommen wurden, sowie mit einer Tanz-Burlesque in besonderer Kost\u00fcmierung. Als Vertreter der SV berichtete Florian Hampel \u00fcber die zahlreichen Aktivit\u00e4ten, der Abgangsklassen im Laufe des Schuljahres und sprach Schulleitung und Lehrerkollegium Dank f\u00fcr die gute Zusammenarbeit und konstruktive Probleml\u00f6sung aus. Auch er bedauerte den Abbau der Sekundarstufe I und den Verlust einer sch\u00f6nen Schulgemeinschaft. Schlie\u00dflich kam die ersehnte Zeugnisausgabe, und mit mehr oder weniger Emotion wurde das zukunftsbestimmende Dokument aus den H\u00e4nden der jeweiligen Klassenlehrer in Empfang genommen. Mit weiteren Darbietungen, wie Gedichtvortr\u00e4gen, Liedern und einer pantomimischen Auff\u00fchrung nahm der Festabend seinen weiteren, harmonischen Verlauf bis mit dem gemeinsamen Lied der Toten Hosen, \u201eAn Tagen wie diesen\u201c alle Absolventen ihren endg\u00fcltigen Abschied gaben.<\/p>\n\n\n\n<p>Quelle und Bilder: Butzbacher Zeitung vom 29. Juni 2012<\/p>\n","protected":false},"excerpt":{"rendered":"<p>Mittelpunktschule Oberer H\u00fcttenberg verabschiedet 80 Absolventen \/ Gute Schulgemeinschaft Am Freitag fand in der Ebersg\u00f6nser Sporthalle die Verabschiedung der Sch\u00fcler der Abschlussklassen der Mittelpunktschule Oberer H\u00fcttenberg statt. Schon bei der Begr\u00fc\u00dfung der G\u00e4ste durch Michelle Bayersd\u00f6rfer und Florian Hampel war zu merken, dass diese Veranstaltung f\u00fcr die Jugendlichen etwas Besonderes darstellte und die Herzen h\u00f6herschlagen &#8230; <a title=\"Trotz vieler Ver\u00e4nderungen engagiert an guten Abschl\u00fcssen gearbeitet\" class=\"read-more\" href=\"http:\/\/875jahrekirchgoens.de\/?p=17785\" aria-label=\"Mehr Informationen \u00fcber Trotz vieler Ver\u00e4nderungen engagiert an guten Abschl\u00fcssen gearbeitet\">Weiterlesen<\/a><\/p>\n","protected":false},"author":1,"featured_media":0,"comment_status":"closed","ping_status":"open","sticky":false,"template":"","format":"standard","meta":{"footnotes":""},"categories":[1],"tags":[],"class_list":["post-17785","post","type-post","status-publish","format-standard","hentry","category-infos"],"_links":{"self":[{"href":"http:\/\/875jahrekirchgoens.de\/index.php?rest_route=\/wp\/v2\/posts\/17785","targetHints":{"allow":["GET"]}}],"collection":[{"href":"http:\/\/875jahrekirchgoens.de\/index.php?rest_route=\/wp\/v2\/posts"}],"about":[{"href":"http:\/\/875jahrekirchgoens.de\/index.php?rest_route=\/wp\/v2\/types\/post"}],"author":[{"embeddable":true,"href":"http:\/\/875jahrekirchgoens.de\/index.php?rest_route=\/wp\/v2\/users\/1"}],"replies":[{"embeddable":true,"href":"http:\/\/875jahrekirchgoens.de\/index.php?rest_route=%2Fwp%2Fv2%2Fcomments&post=17785"}],"version-history":[{"count":1,"href":"http:\/\/875jahrekirchgoens.de\/index.php?rest_route=\/wp\/v2\/posts\/17785\/revisions"}],"predecessor-version":[{"id":17788,"href":"http:\/\/875jahrekirchgoens.de\/index.php?rest_route=\/wp\/v2\/posts\/17785\/revisions\/17788"}],"wp:attachment":[{"href":"http:\/\/875jahrekirchgoens.de\/index.php?rest_route=%2Fwp%2Fv2%2Fmedia&parent=17785"}],"wp:term":[{"taxonomy":"category","embeddable":true,"href":"http:\/\/875jahrekirchgoens.de\/index.php?rest_route=%2Fwp%2Fv2%2Fcategories&post=17785"},{"taxonomy":"post_tag","embeddable":true,"href":"http:\/\/875jahrekirchgoens.de\/index.php?rest_route=%2Fwp%2Fv2%2Ftags&post=17785"}],"curies":[{"name":"wp","href":"https:\/\/api.w.org\/{rel}","templated":true}]}}