{"id":17790,"date":"2012-12-08T17:03:00","date_gmt":"2012-12-08T17:03:00","guid":{"rendered":"https:\/\/875jahrekirchgoens.de\/?p=17790"},"modified":"2025-11-25T17:04:21","modified_gmt":"2025-11-25T17:04:21","slug":"gibt-es-kein-backhausfest-mehr","status":"publish","type":"post","link":"http:\/\/875jahrekirchgoens.de\/?p=17790","title":{"rendered":"Gibt es kein Backhausfest mehr?"},"content":{"rendered":"\n<p>Auf der Kippe steht die Ausrichtung des traditionellen Kirch-G\u00f6nser Backhausfestes am letzten Sonntag im August eines jeden Jahres. Dies teilte G\u00fcnter Weber, der Vorsitzende des ausrichtenden Heimat- und Backhausvereins Kirch-G\u00f6ns, jetzt auf der Weihnachtsfeier des Vereins in der Pohl-G\u00f6nser Gastst\u00e4tte \u201eAltes Pfarrhaus\u201c mit. Langj\u00e4hrige Vereinsmitglieder, die immer beim Auf- und Abbau sowie der Durchf\u00fchrung der Backhausfeste geholfen haben, seien hierzu altersbedingt nicht mehr in der Lage. Die Veranstaltung sei der personalintensiv, und das \u00fcber jeweils vier Tage hinweg. Ohne die Mithilfe der Ortsvereine, f\u00fcr die sich Weber noch einmal ausdr\u00fccklich bedankte, war das Backhausfest schon in der Vergangenheit nicht zu stemmen. Aber auch diese Vereine h\u00e4tten zum Teil Personalprobleme. Gerade bei den beiden letzten Veranstaltungen traten die Probleme besonders zu Tage und gaben dem Vereinsvorstand Veranlassung \u00fcber die Zukunft des Backhausfestes nachzudenken. Da man die Diskussion \u00fcber die zwei Alternativen Komplettabsage oder Durchf\u00fchrung in abgespeckter Version auf eine breite Grundlage stellen m\u00f6chte, l\u00e4dt der Vereinsvorstand zu einer au\u00dferordentlichen Mitgliederversammlung f\u00fcr Freitag, 11. Januar, 20.00 Uhr, in den Saal der Kirch-G\u00f6nser Gastst\u00e4tte \u201eCaf\u00e9 Maiwald\u201c ein. Hier soll \u00fcber eine Absage oder das zuk\u00fcnftige Konzept des Backhausfestes diskutiert und beschlossen werden. Die Weihnachtsfeier des Kirch-G\u00f6nser Heimat- und Backhausvereins war wieder sehr gut besucht. Der Vorsitzende G\u00fcnter Weber erw\u00e4hnte die Tanz- und Brauchtumsauftritte des jetzt fast abgelaufenen Jahres. Der dankte den Mitwirkenden und Helfern f\u00fcr ihr Engagement. Auch zuk\u00fcnftig werde der Verein Trachten, T\u00e4nze und Brauchtum des H\u00fcttenberger Landes pflegen und in Auftritten darstellen. So unter anderem in der Osteraktivwoche der Stadt Butzbach am Samstag, 6. Mai, beim stehenden Festzug in R\u00fcddingshausen am Donnerstag (Fronleichnam), 30. Mai, und beim Hessentag in Kassel am Samstag, 15. Juni. Nach einem guten Essen und guten Gespr\u00e4chen verabschiedete Weber die Vereinsmitglieder mit guten W\u00fcnschen in Advent- und Weihnachtszeit sowie das kommende neue Jahr.<\/p>\n\n\n<div class=\"wp-block-image\">\n<figure class=\"aligncenter size-full\"><img loading=\"lazy\" decoding=\"async\" width=\"512\" height=\"357\" src=\"https:\/\/875jahrekirchgoens.de\/wp-content\/uploads\/2025\/11\/grafik-300.png\" alt=\"\" class=\"wp-image-17791\" srcset=\"http:\/\/875jahrekirchgoens.de\/wp-content\/uploads\/2025\/11\/grafik-300.png 512w, http:\/\/875jahrekirchgoens.de\/wp-content\/uploads\/2025\/11\/grafik-300-300x209.png 300w\" sizes=\"auto, (max-width: 512px) 100vw, 512px\" \/><\/figure><\/div>\n\n\n<p>Auf der Weihnachtsfeier war f\u00fcr die Mitglieder des Kirch-G\u00f6nser Heimat- und Backhausvereins die Zukunft ihres traditionellen Backhausfestes Gespr\u00e4chsthema. <\/p>\n\n\n\n<p>Quelle und Bild: Butzbacher Zeitung vom 8. Dezember 2012<\/p>\n","protected":false},"excerpt":{"rendered":"<p>Auf der Kippe steht die Ausrichtung des traditionellen Kirch-G\u00f6nser Backhausfestes am letzten Sonntag im August eines jeden Jahres. Dies teilte G\u00fcnter Weber, der Vorsitzende des ausrichtenden Heimat- und Backhausvereins Kirch-G\u00f6ns, jetzt auf der Weihnachtsfeier des Vereins in der Pohl-G\u00f6nser Gastst\u00e4tte \u201eAltes Pfarrhaus\u201c mit. Langj\u00e4hrige Vereinsmitglieder, die immer beim Auf- und Abbau sowie der Durchf\u00fchrung der &#8230; <a title=\"Gibt es kein Backhausfest mehr?\" class=\"read-more\" href=\"http:\/\/875jahrekirchgoens.de\/?p=17790\" aria-label=\"Mehr Informationen \u00fcber Gibt es kein Backhausfest mehr?\">Weiterlesen<\/a><\/p>\n","protected":false},"author":1,"featured_media":0,"comment_status":"closed","ping_status":"open","sticky":false,"template":"","format":"standard","meta":{"footnotes":""},"categories":[1],"tags":[],"class_list":["post-17790","post","type-post","status-publish","format-standard","hentry","category-infos"],"_links":{"self":[{"href":"http:\/\/875jahrekirchgoens.de\/index.php?rest_route=\/wp\/v2\/posts\/17790","targetHints":{"allow":["GET"]}}],"collection":[{"href":"http:\/\/875jahrekirchgoens.de\/index.php?rest_route=\/wp\/v2\/posts"}],"about":[{"href":"http:\/\/875jahrekirchgoens.de\/index.php?rest_route=\/wp\/v2\/types\/post"}],"author":[{"embeddable":true,"href":"http:\/\/875jahrekirchgoens.de\/index.php?rest_route=\/wp\/v2\/users\/1"}],"replies":[{"embeddable":true,"href":"http:\/\/875jahrekirchgoens.de\/index.php?rest_route=%2Fwp%2Fv2%2Fcomments&post=17790"}],"version-history":[{"count":1,"href":"http:\/\/875jahrekirchgoens.de\/index.php?rest_route=\/wp\/v2\/posts\/17790\/revisions"}],"predecessor-version":[{"id":17792,"href":"http:\/\/875jahrekirchgoens.de\/index.php?rest_route=\/wp\/v2\/posts\/17790\/revisions\/17792"}],"wp:attachment":[{"href":"http:\/\/875jahrekirchgoens.de\/index.php?rest_route=%2Fwp%2Fv2%2Fmedia&parent=17790"}],"wp:term":[{"taxonomy":"category","embeddable":true,"href":"http:\/\/875jahrekirchgoens.de\/index.php?rest_route=%2Fwp%2Fv2%2Fcategories&post=17790"},{"taxonomy":"post_tag","embeddable":true,"href":"http:\/\/875jahrekirchgoens.de\/index.php?rest_route=%2Fwp%2Fv2%2Ftags&post=17790"}],"curies":[{"name":"wp","href":"https:\/\/api.w.org\/{rel}","templated":true}]}}