{"id":17799,"date":"2012-10-04T17:14:00","date_gmt":"2012-10-04T17:14:00","guid":{"rendered":"https:\/\/875jahrekirchgoens.de\/?p=17799"},"modified":"2025-11-25T17:15:13","modified_gmt":"2025-11-25T17:15:13","slug":"kirch-goenser-schuetzenverein-feiert-sein-fuenfzigjaehriges-bestehen","status":"publish","type":"post","link":"http:\/\/875jahrekirchgoens.de\/?p=17799","title":{"rendered":"Kirch-G\u00f6nser Sch\u00fctzenverein feiert sein f\u00fcnfzigj\u00e4hriges Bestehen"},"content":{"rendered":"\n<p>Verein blickt mit Stolz auf Geleistetes zur\u00fcck \/ Gr\u00fcnder werden geehrt<\/p>\n\n\n\n<p>Ein Traditionsverein ist er noch lange nicht \u2013 der Sch\u00fctzenverein Kirch-G\u00f6ns 1962 mit seinem jugendlichen Alter von 50 Jahren. Geleistet haben die Sch\u00fctzengenerationen in diesem Zeitraum aber schon einiges. Hervorzuheben ist der Bau der Sch\u00fctzenhalle in den Jahren 1979 \u2013 1981. Fortan verf\u00fcgte man in Kirch-G\u00f6ns \u00fcber den gr\u00f6\u00dften Schie\u00dfstand im Wetteraukreis und die gr\u00f6\u00dfte Versammlungsst\u00e4tte in Kirch-G\u00f6ns, neuerdings abgel\u00f6st durch die Mehrzweckhalle. Auch sportlich gab es in den f\u00fcnf Jahrzehnten einiges zu vermelden. Wie in jedem Sportverein wechselten die Hochs und Tiefs fast regelm\u00e4\u00dfig \u2013 aber Sportler, insbesondere die Sch\u00fctzen, wissen damit umzugehen. In Zeiten eines Tiefs werden die Grundsteine f\u00fcr den Aufschwung gelegt. Fatal w\u00e4re der \u00fcberhebliche Umgang mit den Erfolgen \u2013 auch das ist eine positive Einstellung der Sch\u00fctzen zu ihrem Sport. So sind die achtbaren Erfolge bei Deutschen-, Hessischen-, Gau- und Kreismeisterschaften immer nur Momentaufnahmen \u00fcber die sich die Kirch-G\u00f6nser Sch\u00fctzen sicherlich gefreut haben. Wohlwissend, dass sportliche Erfolge nur durch Best\u00e4tigungen in der Zukunft ihren Wert erhalten. Mit der geplanten Jubil\u00e4umsfeier am Samstag, 13. Oktober in der Kirche und anschlie\u00dfend in der Sch\u00fctzenhalle soll das Geleistete in einer R\u00fcckschau gew\u00fcrdigt werden. Sicherlich werden auch Ausblicke gegeben. Zu erwarten sind diese von hochrangigen Vertretern von Landessportbund, dem Hessischen Sch\u00fctzenverband und Sch\u00fctzenkreis Friedberg, die ihr Kommen zugesagt haben. Die Sch\u00fctzen in Kirch-G\u00f6ns freuten sich \u00fcber die Bereitschaft von B\u00fcrgermeister Merle zur \u00dcbernahme der Schirmherrschaft und der aktiven Mitwirkung des \u00f6rtlichen Pfarrers William Thum. Zu w\u00fcrdigen sind aber auch die noch lebenden Gr\u00fcnder des Vereins. Immerhin sind noch vier der vierzehn Gr\u00fcnder in den Reihen des Vereins. Auch die Kirch-G\u00f6nser Musikkultur wird zu genie\u00dfen sein. Der Gesangverein wird sein aktuelles K\u00f6nnen mit einigen Liedbeitr\u00e4gen pr\u00e4sentieren. Ein Heimspiel, im sportlichen Sinne formuliert haben die jungen Damen von \u201eBelle M\u00e9lange\u201c \u2013 der bitters\u00fc\u00dfen Mischung\u201c wie sie sich selbst bezeichnen. Viele Kirch-G\u00f6nser lernten den musikalischen Schwung des Quartetts in zwei Konzerten in der Kirche bereits kennen. F\u00fcr vereinsfremde G\u00e4ste sind in der Kirche noch einige Dutzend Pl\u00e4tze vorhanden \u2013 die Sch\u00fctzen freuen sich auf ihr Kommen. Die akademische Feier findet ab 19.00 Ohr. ihre Fortsetzung in der Sch\u00fctzenhalle. Geboten wird den G\u00e4sten ein \u201coberhessisches B\u00fcffet&#8220;. Befreundete Verei<strong>ne <\/strong>in Kirch-G\u00f6ns und aus dem Sch\u00fctzenkreis werden unsere G\u00e4ste sein. Eine kleine Pr\u00e4sentation aus Bildern der Gr\u00fcn\u00ad derzeit soll den G\u00e4sten ein wenig Historie des Vereins vermitteln. Schlusspunkt der offiziellen Veranstaltung ist die Siegerehrung der allj\u00e4hrlichen Sch\u00fctzen-Stadtmeisterschaft, in diesem Jahr vom Sch\u00fctzenverein Kirch\u00ad G\u00f6ns veranstaltet.<\/p>\n\n\n\n<p>Quelle: Butzbacher Zeitung vom 4. Oktober 2012<\/p>\n","protected":false},"excerpt":{"rendered":"<p>Verein blickt mit Stolz auf Geleistetes zur\u00fcck \/ Gr\u00fcnder werden geehrt Ein Traditionsverein ist er noch lange nicht \u2013 der Sch\u00fctzenverein Kirch-G\u00f6ns 1962 mit seinem jugendlichen Alter von 50 Jahren. Geleistet haben die Sch\u00fctzengenerationen in diesem Zeitraum aber schon einiges. Hervorzuheben ist der Bau der Sch\u00fctzenhalle in den Jahren 1979 \u2013 1981. Fortan verf\u00fcgte man &#8230; <a title=\"Kirch-G\u00f6nser Sch\u00fctzenverein feiert sein f\u00fcnfzigj\u00e4hriges Bestehen\" class=\"read-more\" href=\"http:\/\/875jahrekirchgoens.de\/?p=17799\" aria-label=\"Mehr Informationen \u00fcber Kirch-G\u00f6nser Sch\u00fctzenverein feiert sein f\u00fcnfzigj\u00e4hriges Bestehen\">Weiterlesen<\/a><\/p>\n","protected":false},"author":1,"featured_media":0,"comment_status":"closed","ping_status":"open","sticky":false,"template":"","format":"standard","meta":{"footnotes":""},"categories":[1],"tags":[],"class_list":["post-17799","post","type-post","status-publish","format-standard","hentry","category-infos"],"_links":{"self":[{"href":"http:\/\/875jahrekirchgoens.de\/index.php?rest_route=\/wp\/v2\/posts\/17799","targetHints":{"allow":["GET"]}}],"collection":[{"href":"http:\/\/875jahrekirchgoens.de\/index.php?rest_route=\/wp\/v2\/posts"}],"about":[{"href":"http:\/\/875jahrekirchgoens.de\/index.php?rest_route=\/wp\/v2\/types\/post"}],"author":[{"embeddable":true,"href":"http:\/\/875jahrekirchgoens.de\/index.php?rest_route=\/wp\/v2\/users\/1"}],"replies":[{"embeddable":true,"href":"http:\/\/875jahrekirchgoens.de\/index.php?rest_route=%2Fwp%2Fv2%2Fcomments&post=17799"}],"version-history":[{"count":1,"href":"http:\/\/875jahrekirchgoens.de\/index.php?rest_route=\/wp\/v2\/posts\/17799\/revisions"}],"predecessor-version":[{"id":17800,"href":"http:\/\/875jahrekirchgoens.de\/index.php?rest_route=\/wp\/v2\/posts\/17799\/revisions\/17800"}],"wp:attachment":[{"href":"http:\/\/875jahrekirchgoens.de\/index.php?rest_route=%2Fwp%2Fv2%2Fmedia&parent=17799"}],"wp:term":[{"taxonomy":"category","embeddable":true,"href":"http:\/\/875jahrekirchgoens.de\/index.php?rest_route=%2Fwp%2Fv2%2Fcategories&post=17799"},{"taxonomy":"post_tag","embeddable":true,"href":"http:\/\/875jahrekirchgoens.de\/index.php?rest_route=%2Fwp%2Fv2%2Ftags&post=17799"}],"curies":[{"name":"wp","href":"https:\/\/api.w.org\/{rel}","templated":true}]}}