{"id":17806,"date":"2012-11-28T17:24:00","date_gmt":"2012-11-28T17:24:00","guid":{"rendered":"https:\/\/875jahrekirchgoens.de\/?p=17806"},"modified":"2025-11-25T17:25:19","modified_gmt":"2025-11-25T17:25:19","slug":"das-kirch-goenser-backhaus","status":"publish","type":"post","link":"http:\/\/875jahrekirchgoens.de\/?p=17806","title":{"rendered":"Das Kirch-G\u00f6nser Backhaus \u2026"},"content":{"rendered":"<div class=\"wp-block-image\">\n<figure class=\"aligncenter size-full\"><img loading=\"lazy\" decoding=\"async\" width=\"512\" height=\"375\" src=\"https:\/\/875jahrekirchgoens.de\/wp-content\/uploads\/2025\/11\/grafik-304.png\" alt=\"\" class=\"wp-image-17807\" srcset=\"http:\/\/875jahrekirchgoens.de\/wp-content\/uploads\/2025\/11\/grafik-304.png 512w, http:\/\/875jahrekirchgoens.de\/wp-content\/uploads\/2025\/11\/grafik-304-300x220.png 300w\" sizes=\"auto, (max-width: 512px) 100vw, 512px\" \/><\/figure><\/div>\n\n\n<p>\u2026 war am Wochenende wieder angeheizt worden, um der Bev\u00f6lkerung Gelegenheit zu geben, vor Weihnachten Brot, Kuchen oder Pl\u00e4tzchen zu backen. Der Heimat- und Backhausverein als Veranstalter m\u00f6chte die Backtage zwei Mal im Jahr \u2013 vor Weihnachten und Ostern \u2013 wieder zu einer st\u00e4ndigen Einrichtung werden lassen. <\/p>\n\n\n\n<p>Quelle und Bild: Butzbacher Zeitung vom 26. November 2012<\/p>\n","protected":false},"excerpt":{"rendered":"<p>\u2026 war am Wochenende wieder angeheizt worden, um der Bev\u00f6lkerung Gelegenheit zu geben, vor Weihnachten Brot, Kuchen oder Pl\u00e4tzchen zu backen. Der Heimat- und Backhausverein als Veranstalter m\u00f6chte die Backtage zwei Mal im Jahr \u2013 vor Weihnachten und Ostern \u2013 wieder zu einer st\u00e4ndigen Einrichtung werden lassen. Quelle und Bild: Butzbacher Zeitung vom 26. November &#8230; <a title=\"Das Kirch-G\u00f6nser Backhaus \u2026\" class=\"read-more\" href=\"http:\/\/875jahrekirchgoens.de\/?p=17806\" aria-label=\"Mehr Informationen \u00fcber Das Kirch-G\u00f6nser Backhaus \u2026\">Weiterlesen<\/a><\/p>\n","protected":false},"author":1,"featured_media":0,"comment_status":"closed","ping_status":"open","sticky":false,"template":"","format":"standard","meta":{"footnotes":""},"categories":[1],"tags":[],"class_list":["post-17806","post","type-post","status-publish","format-standard","hentry","category-infos"],"_links":{"self":[{"href":"http:\/\/875jahrekirchgoens.de\/index.php?rest_route=\/wp\/v2\/posts\/17806","targetHints":{"allow":["GET"]}}],"collection":[{"href":"http:\/\/875jahrekirchgoens.de\/index.php?rest_route=\/wp\/v2\/posts"}],"about":[{"href":"http:\/\/875jahrekirchgoens.de\/index.php?rest_route=\/wp\/v2\/types\/post"}],"author":[{"embeddable":true,"href":"http:\/\/875jahrekirchgoens.de\/index.php?rest_route=\/wp\/v2\/users\/1"}],"replies":[{"embeddable":true,"href":"http:\/\/875jahrekirchgoens.de\/index.php?rest_route=%2Fwp%2Fv2%2Fcomments&post=17806"}],"version-history":[{"count":1,"href":"http:\/\/875jahrekirchgoens.de\/index.php?rest_route=\/wp\/v2\/posts\/17806\/revisions"}],"predecessor-version":[{"id":17808,"href":"http:\/\/875jahrekirchgoens.de\/index.php?rest_route=\/wp\/v2\/posts\/17806\/revisions\/17808"}],"wp:attachment":[{"href":"http:\/\/875jahrekirchgoens.de\/index.php?rest_route=%2Fwp%2Fv2%2Fmedia&parent=17806"}],"wp:term":[{"taxonomy":"category","embeddable":true,"href":"http:\/\/875jahrekirchgoens.de\/index.php?rest_route=%2Fwp%2Fv2%2Fcategories&post=17806"},{"taxonomy":"post_tag","embeddable":true,"href":"http:\/\/875jahrekirchgoens.de\/index.php?rest_route=%2Fwp%2Fv2%2Ftags&post=17806"}],"curies":[{"name":"wp","href":"https:\/\/api.w.org\/{rel}","templated":true}]}}