{"id":17810,"date":"2012-12-10T17:28:00","date_gmt":"2012-12-10T17:28:00","guid":{"rendered":"https:\/\/875jahrekirchgoens.de\/?p=17810"},"modified":"2025-11-25T17:28:55","modified_gmt":"2025-11-25T17:28:55","slug":"mom-of-the-rock-wird-heute-100","status":"publish","type":"post","link":"http:\/\/875jahrekirchgoens.de\/?p=17810","title":{"rendered":"\u201eMom of the Rock\u201c wird heute 100"},"content":{"rendered":"\n<p><em>Luise Heiden war als Schneiderin und Uniformn\u00e4herin in der Ayers-Kaserne sehr gesch\u00e4tzt<\/em><\/p>\n\n\n\n<p>Ihren 100. Geburtstag feiert heute in Kirch-G\u00f6ns Frau Luise Heiden, geborene Watz. Sie sit einer der \u00e4ltesten Einwohnerinnen im Stadtteil und wohl auch in der Gesamtstadt. Die gro\u00dfe Geburtstagsfeier findet im Evangelischen Gemeindehaus in der Kirch-G\u00f6nser Hauptstra\u00dfe nebem dem Pfarrhaus statt. Zu den Gratulanten z\u00e4hlen au\u00dfer der Familie, den Nachbarn und Bekannten auch Pfarrer William Thum und der Magistrat der Stadt Butzbach. Die noch recht r\u00fcstige Jubilarin kann sich noch gut an viele Details aus ihrem Leben erinnern. Sie wird im Ortsmund von den \u00e4lteren Kirch-G\u00f6nsern liebevoll \u201eWatze-Wies\u201c genannt und nimmt noch regen Anteil am t\u00e4glichen Geschehen. Luise Heiden wurde w\u00e4hrend der Kaiserzeit zwei Jahre vor Ausbruch des Ersten Weltkrieges in der oberen Taubgasse geboren. Die Kleinkinderzeit verlebte sie zu Hause bei den Eltern, um mit sechs Jahren auf die mitten im Dorf liegende Volksschule zu gehen. Nach dem Ende der Schulzeit wechselte sie als Haushaltshilfe zur Familie Hadermann nach Butzbach. Hier blieb sie drei Jahre in Anstellung und arbeitete dann f\u00fcr weitere drei Jahre in der damaligen Schuhfabrik Joutz. Das hessenweit bekannte Butzbacher Unternehmen lag vor den Toren der Stadt in Richtung Nieder-Weisel. Danach war Luise Watz als Saisonarbeitskraft bei F\u00f6rster H\u00fcbner im Wald zwischen Pohl-G\u00f6ns und Ebersg\u00f6ns besch\u00e4ftigt. Hier steht heute noch das Pflanzgartenh\u00e4uschen, das mit dem Fahrrad erreichte. Au\u00dferdem verdingte sich bei Bauern aus Kirch-G\u00f6ns als Erntehelferin, etwa beim Kartoffeln ausmachen oder bei der Dickwutzernte. Luise Watz heiratete vor dem Krieg ihren ersten Mann Ernst Reimers, der als junger Soldat im Krieg fiel. Der Ehe wurde die Tochter Gertie geboren, die heute 70 Jahre alt ist und den USA lebt. Nach dem Krieg heiratet Luise Reimers ihren zweiten Ehemann Harry Heiden. Aus dieser Ehe stammt Sohn Klaus. Harry Heiden brachte seinen Sohn Horst, heute in Ludwigsburg lebend, mit in die Ehe. Luise Eden hat zwei Enkel: Nicole Heiden, die verheiratet mit ihrer Familie in den USA lebt, und Christopher Heiden. Insgesamt bringt es die \u201eWatze-Wies\u201c auf f\u00fcnf Urenkel. Sie alle leben in den USA. Gerne denkt die Jubilarin noch an ihre Arbeit in der Kirch-G\u00f6nser Ayers-Kaseren (\u201eThe Rock\u201c) zur\u00fcck. Sie arbeitet dort als Schneider und Uniformn\u00e4herin. Sie wurde von den Amerikanern liebevoll \u201eMom of the Rock\u201c genannt und war wegen ihrer immer guten Laune und ihrer Herzlichkeit sehr gesch\u00e4tzt. Von Montag bis Freitag arbeitete sie an ihrem N\u00e4hplatz in der Kaserne, \u00fcbrigens bis zu ihrem 78. Lebensjahr. Erst dann ging sie hochgeehrt in Rente. Die Milit\u00e4rzeitung \u201eStars und Stripes\u201c widmete ihr 1990 zu ihrem Ausscheiden aus dem Arbeitsprozess ein Bild und einen Bericht. Darin wurde sie f\u00fcr ihre unentwegte vorbildliche Arbeitsmoral und ihre gute Laune gelobt. Besonders die gute Laune hat sich bis heute erhalten. Und wer Gl\u00fcck hat, trifft die \u201eWatze-Wies\u201c bei ihren Eink\u00e4ufen in der nahen B\u00e4ckereifiliale Steinm\u00fcller.<\/p>\n\n\n<div class=\"wp-block-image\">\n<figure class=\"aligncenter size-full\"><img loading=\"lazy\" decoding=\"async\" width=\"397\" height=\"554\" src=\"https:\/\/875jahrekirchgoens.de\/wp-content\/uploads\/2025\/11\/grafik-305.png\" alt=\"\" class=\"wp-image-17811\" srcset=\"http:\/\/875jahrekirchgoens.de\/wp-content\/uploads\/2025\/11\/grafik-305.png 397w, http:\/\/875jahrekirchgoens.de\/wp-content\/uploads\/2025\/11\/grafik-305-215x300.png 215w\" sizes=\"auto, (max-width: 397px) 100vw, 397px\" \/><\/figure><\/div>\n\n\n<p class=\"has-text-align-center\">Luise Heiden feierte am 10. Dezember 2012 ihren 100ten Geburtstag.<\/p>\n\n\n\n<p>Quelle: Butzbacher Zeitung vom 10. Dezember 2012<\/p>\n","protected":false},"excerpt":{"rendered":"<p>Luise Heiden war als Schneiderin und Uniformn\u00e4herin in der Ayers-Kaserne sehr gesch\u00e4tzt Ihren 100. Geburtstag feiert heute in Kirch-G\u00f6ns Frau Luise Heiden, geborene Watz. Sie sit einer der \u00e4ltesten Einwohnerinnen im Stadtteil und wohl auch in der Gesamtstadt. Die gro\u00dfe Geburtstagsfeier findet im Evangelischen Gemeindehaus in der Kirch-G\u00f6nser Hauptstra\u00dfe nebem dem Pfarrhaus statt. Zu den &#8230; <a title=\"\u201eMom of the Rock\u201c wird heute 100\" class=\"read-more\" href=\"http:\/\/875jahrekirchgoens.de\/?p=17810\" aria-label=\"Mehr Informationen \u00fcber \u201eMom of the Rock\u201c wird heute 100\">Weiterlesen<\/a><\/p>\n","protected":false},"author":1,"featured_media":0,"comment_status":"closed","ping_status":"open","sticky":false,"template":"","format":"standard","meta":{"footnotes":""},"categories":[1],"tags":[],"class_list":["post-17810","post","type-post","status-publish","format-standard","hentry","category-infos"],"_links":{"self":[{"href":"http:\/\/875jahrekirchgoens.de\/index.php?rest_route=\/wp\/v2\/posts\/17810","targetHints":{"allow":["GET"]}}],"collection":[{"href":"http:\/\/875jahrekirchgoens.de\/index.php?rest_route=\/wp\/v2\/posts"}],"about":[{"href":"http:\/\/875jahrekirchgoens.de\/index.php?rest_route=\/wp\/v2\/types\/post"}],"author":[{"embeddable":true,"href":"http:\/\/875jahrekirchgoens.de\/index.php?rest_route=\/wp\/v2\/users\/1"}],"replies":[{"embeddable":true,"href":"http:\/\/875jahrekirchgoens.de\/index.php?rest_route=%2Fwp%2Fv2%2Fcomments&post=17810"}],"version-history":[{"count":1,"href":"http:\/\/875jahrekirchgoens.de\/index.php?rest_route=\/wp\/v2\/posts\/17810\/revisions"}],"predecessor-version":[{"id":17812,"href":"http:\/\/875jahrekirchgoens.de\/index.php?rest_route=\/wp\/v2\/posts\/17810\/revisions\/17812"}],"wp:attachment":[{"href":"http:\/\/875jahrekirchgoens.de\/index.php?rest_route=%2Fwp%2Fv2%2Fmedia&parent=17810"}],"wp:term":[{"taxonomy":"category","embeddable":true,"href":"http:\/\/875jahrekirchgoens.de\/index.php?rest_route=%2Fwp%2Fv2%2Fcategories&post=17810"},{"taxonomy":"post_tag","embeddable":true,"href":"http:\/\/875jahrekirchgoens.de\/index.php?rest_route=%2Fwp%2Fv2%2Ftags&post=17810"}],"curies":[{"name":"wp","href":"https:\/\/api.w.org\/{rel}","templated":true}]}}