{"id":17818,"date":"2012-12-19T17:40:00","date_gmt":"2012-12-19T17:40:00","guid":{"rendered":"https:\/\/875jahrekirchgoens.de\/?p=17818"},"modified":"2025-11-25T17:41:19","modified_gmt":"2025-11-25T17:41:19","slug":"belebte-weihnachtsgeschichte-in-kirch-goens","status":"publish","type":"post","link":"http:\/\/875jahrekirchgoens.de\/?p=17818","title":{"rendered":"Belebte Weihnachtsgeschichte in Kirch-G\u00f6ns"},"content":{"rendered":"\n<p><em>Mit so vielen Besuchern hatten die Veranstalter nicht gerechnet<\/em><\/p>\n\n\n\n<p>So wie es Mario und Josef bei ihrer Herbergssuche vor \u00fcber 2.000 Jahren erging, erlebten es am gestrigen Samstagnachmittag zahlreiche Besucher, die gerne die erstmals von Mitgliedern des Kirchenvorstands der evangelischen Kirchengemeinde Kirch-G\u00f6ns aufgef\u00fchrte \u201eBelebte Weihnachtsgeschichte\u201c verfolgen wollten. In der Maschinenhalle von Volker Wagner gab es keinen freien Platz mehr und die Stehpl\u00e4tze waren auch restlos ausgebucht. F\u00fcr 250 Besucher hatten die Verantwortlichen \u201egro\u00dfz\u00fcgig\u201c geplant \u2013 und doch reichte der Platz bei Weitem nicht aus. So mussten zahlreiche Besucher wieder den Heimweg antreten, ohne dass wirklich sehenswerte und hervorragend dargebotene Krippenspiel mit vielen Gesangsbeitr\u00e4gen zu verfolgen. Dieses verfolgten rund 300 Zuschauer. Pfarrer William Thum verlas die klassische Weihnachtsgeschichte nach Lukas, wobei diese von den Kirchenvorstandsmitgliedern auf der B\u00fchne nachgespielt wurde. F\u00fcr die Gesangsbeitr\u00e4ge zwischen den einzelnen Szenen zeichneten der von Dieter Hock geleitete Gemischte Chor 1862 Kirch-G\u00f6ns und der von Christoph Scholz geleitete M\u00e4nnerchor des Gesangvereins Liederkranz Leihgestern sowie die Sopranistin Theresa Heinz verantwortlich. An der rund eineinhalbst\u00fcndigen Auff\u00fchrung wirkten seitens des Kirchvorstandes Nadja Langsdorf als Maria und Dieter Meier als Josef mit. Die Hirten wurden verk\u00f6rpert von Ingrid Herbel und Heidrun Diehl, die \u201eDrei Weisen aus dem Morgenland\u201c von Edith Weber, Ilka Thum und Klaus Herbel. In weiteren Rollen waren die Engel Mario Wilhelm, Doris Nern und Franziska M\u00fcller sowie als Wirt Sabine Lex und als Bauer Sabine Grie\u00dfl zu sehen. Nicht fehlen durften allerlei Tiere wie Esel, Rinder und Schafe, die einige Landwirte des Orts f\u00fcr die Auff\u00fchrung zur Verf\u00fcgung gestellt hatten.<\/p>\n\n\n\n<figure class=\"wp-block-image size-full\"><img loading=\"lazy\" decoding=\"async\" width=\"1024\" height=\"396\" src=\"https:\/\/875jahrekirchgoens.de\/wp-content\/uploads\/2025\/11\/grafik-307.png\" alt=\"\" class=\"wp-image-17819\" srcset=\"http:\/\/875jahrekirchgoens.de\/wp-content\/uploads\/2025\/11\/grafik-307.png 1024w, http:\/\/875jahrekirchgoens.de\/wp-content\/uploads\/2025\/11\/grafik-307-300x116.png 300w, http:\/\/875jahrekirchgoens.de\/wp-content\/uploads\/2025\/11\/grafik-307-768x297.png 768w\" sizes=\"auto, (max-width: 1024px) 100vw, 1024px\" \/><\/figure>\n\n\n\n<p>Quelle und Bild: Sonntag-Morgenmagazin vom                                     Nadja Langsdorf als Maria und Dieter Meier<br>19. Dezember 2012                                                                                als Josef beim Krippenspiel.<br>                                                                                                                Bild: Wetterauer Wochenbote vom <br>                                                                                                                9. Dezember 2012<\/p>\n\n\n\n<p><\/p>\n","protected":false},"excerpt":{"rendered":"<p>Mit so vielen Besuchern hatten die Veranstalter nicht gerechnet So wie es Mario und Josef bei ihrer Herbergssuche vor \u00fcber 2.000 Jahren erging, erlebten es am gestrigen Samstagnachmittag zahlreiche Besucher, die gerne die erstmals von Mitgliedern des Kirchenvorstands der evangelischen Kirchengemeinde Kirch-G\u00f6ns aufgef\u00fchrte \u201eBelebte Weihnachtsgeschichte\u201c verfolgen wollten. In der Maschinenhalle von Volker Wagner gab es &#8230; <a title=\"Belebte Weihnachtsgeschichte in Kirch-G\u00f6ns\" class=\"read-more\" href=\"http:\/\/875jahrekirchgoens.de\/?p=17818\" aria-label=\"Mehr Informationen \u00fcber Belebte Weihnachtsgeschichte in Kirch-G\u00f6ns\">Weiterlesen<\/a><\/p>\n","protected":false},"author":1,"featured_media":0,"comment_status":"closed","ping_status":"open","sticky":false,"template":"","format":"standard","meta":{"footnotes":""},"categories":[1],"tags":[],"class_list":["post-17818","post","type-post","status-publish","format-standard","hentry","category-infos"],"_links":{"self":[{"href":"http:\/\/875jahrekirchgoens.de\/index.php?rest_route=\/wp\/v2\/posts\/17818","targetHints":{"allow":["GET"]}}],"collection":[{"href":"http:\/\/875jahrekirchgoens.de\/index.php?rest_route=\/wp\/v2\/posts"}],"about":[{"href":"http:\/\/875jahrekirchgoens.de\/index.php?rest_route=\/wp\/v2\/types\/post"}],"author":[{"embeddable":true,"href":"http:\/\/875jahrekirchgoens.de\/index.php?rest_route=\/wp\/v2\/users\/1"}],"replies":[{"embeddable":true,"href":"http:\/\/875jahrekirchgoens.de\/index.php?rest_route=%2Fwp%2Fv2%2Fcomments&post=17818"}],"version-history":[{"count":1,"href":"http:\/\/875jahrekirchgoens.de\/index.php?rest_route=\/wp\/v2\/posts\/17818\/revisions"}],"predecessor-version":[{"id":17820,"href":"http:\/\/875jahrekirchgoens.de\/index.php?rest_route=\/wp\/v2\/posts\/17818\/revisions\/17820"}],"wp:attachment":[{"href":"http:\/\/875jahrekirchgoens.de\/index.php?rest_route=%2Fwp%2Fv2%2Fmedia&parent=17818"}],"wp:term":[{"taxonomy":"category","embeddable":true,"href":"http:\/\/875jahrekirchgoens.de\/index.php?rest_route=%2Fwp%2Fv2%2Fcategories&post=17818"},{"taxonomy":"post_tag","embeddable":true,"href":"http:\/\/875jahrekirchgoens.de\/index.php?rest_route=%2Fwp%2Fv2%2Ftags&post=17818"}],"curies":[{"name":"wp","href":"https:\/\/api.w.org\/{rel}","templated":true}]}}