{"id":17822,"date":"2012-12-20T17:43:00","date_gmt":"2012-12-20T17:43:00","guid":{"rendered":"https:\/\/875jahrekirchgoens.de\/?p=17822"},"modified":"2025-11-25T17:44:23","modified_gmt":"2025-11-25T17:44:23","slug":"fuer-die-durch-einen-sturm-gefaellte-linde-in-kirch-goens","status":"publish","type":"post","link":"http:\/\/875jahrekirchgoens.de\/?p=17822","title":{"rendered":"F\u00fcr die durch einen Sturm gef\u00e4llte Linde in Kirch-G\u00f6ns \u2026"},"content":{"rendered":"<div class=\"wp-block-image\">\n<figure class=\"aligncenter size-full\"><img loading=\"lazy\" decoding=\"async\" width=\"512\" height=\"364\" src=\"https:\/\/875jahrekirchgoens.de\/wp-content\/uploads\/2025\/11\/grafik-308.png\" alt=\"\" class=\"wp-image-17823\" srcset=\"http:\/\/875jahrekirchgoens.de\/wp-content\/uploads\/2025\/11\/grafik-308.png 512w, http:\/\/875jahrekirchgoens.de\/wp-content\/uploads\/2025\/11\/grafik-308-300x213.png 300w\" sizes=\"auto, (max-width: 512px) 100vw, 512px\" \/><\/figure><\/div>\n\n\n<p>wurde jetzt Ersatz beschafft und durch den Kirch-G\u00f6nser Garten- und Landschaftsbau-betrieb Braasch ein neuer Baum gepflanzt. W\u00e4hrend des Weihnachtsmarktes konnten die Besucher die Neupflanzung bereits in Augenschein nehmen. In dieser Woche wurden mit Hilfe von Schotter und Splitt die gr\u00f6\u00dften Unebenheiten rund um den Baum in der jetzt Am Kornmarkt hei\u00dfenden Gasse zwischen Backhaus und B\u00fcrgerhaus provisorisch beseitigt. Es ist beabsichtigt, die gepflasterte Fl\u00e4che rund um den Baum neu zu gestalten, wobei auch an das Aufstellen einer Ruhebank gedacht ist.<\/p>\n\n\n\n<p>Quelle und Bild: Butzbacher Zeitung vom 20. Dezember 2012<\/p>\n","protected":false},"excerpt":{"rendered":"<p>wurde jetzt Ersatz beschafft und durch den Kirch-G\u00f6nser Garten- und Landschaftsbau-betrieb Braasch ein neuer Baum gepflanzt. W\u00e4hrend des Weihnachtsmarktes konnten die Besucher die Neupflanzung bereits in Augenschein nehmen. In dieser Woche wurden mit Hilfe von Schotter und Splitt die gr\u00f6\u00dften Unebenheiten rund um den Baum in der jetzt Am Kornmarkt hei\u00dfenden Gasse zwischen Backhaus und &#8230; <a title=\"F\u00fcr die durch einen Sturm gef\u00e4llte Linde in Kirch-G\u00f6ns \u2026\" class=\"read-more\" href=\"http:\/\/875jahrekirchgoens.de\/?p=17822\" aria-label=\"Mehr Informationen \u00fcber F\u00fcr die durch einen Sturm gef\u00e4llte Linde in Kirch-G\u00f6ns \u2026\">Weiterlesen<\/a><\/p>\n","protected":false},"author":1,"featured_media":0,"comment_status":"closed","ping_status":"open","sticky":false,"template":"","format":"standard","meta":{"footnotes":""},"categories":[1],"tags":[],"class_list":["post-17822","post","type-post","status-publish","format-standard","hentry","category-infos"],"_links":{"self":[{"href":"http:\/\/875jahrekirchgoens.de\/index.php?rest_route=\/wp\/v2\/posts\/17822","targetHints":{"allow":["GET"]}}],"collection":[{"href":"http:\/\/875jahrekirchgoens.de\/index.php?rest_route=\/wp\/v2\/posts"}],"about":[{"href":"http:\/\/875jahrekirchgoens.de\/index.php?rest_route=\/wp\/v2\/types\/post"}],"author":[{"embeddable":true,"href":"http:\/\/875jahrekirchgoens.de\/index.php?rest_route=\/wp\/v2\/users\/1"}],"replies":[{"embeddable":true,"href":"http:\/\/875jahrekirchgoens.de\/index.php?rest_route=%2Fwp%2Fv2%2Fcomments&post=17822"}],"version-history":[{"count":1,"href":"http:\/\/875jahrekirchgoens.de\/index.php?rest_route=\/wp\/v2\/posts\/17822\/revisions"}],"predecessor-version":[{"id":17824,"href":"http:\/\/875jahrekirchgoens.de\/index.php?rest_route=\/wp\/v2\/posts\/17822\/revisions\/17824"}],"wp:attachment":[{"href":"http:\/\/875jahrekirchgoens.de\/index.php?rest_route=%2Fwp%2Fv2%2Fmedia&parent=17822"}],"wp:term":[{"taxonomy":"category","embeddable":true,"href":"http:\/\/875jahrekirchgoens.de\/index.php?rest_route=%2Fwp%2Fv2%2Fcategories&post=17822"},{"taxonomy":"post_tag","embeddable":true,"href":"http:\/\/875jahrekirchgoens.de\/index.php?rest_route=%2Fwp%2Fv2%2Ftags&post=17822"}],"curies":[{"name":"wp","href":"https:\/\/api.w.org\/{rel}","templated":true}]}}