{"id":17826,"date":"2012-12-31T17:45:00","date_gmt":"2012-12-31T17:45:00","guid":{"rendered":"https:\/\/875jahrekirchgoens.de\/?p=17826"},"modified":"2025-11-25T17:46:35","modified_gmt":"2025-11-25T17:46:35","slug":"kirch-goens-hat-eine-neue-backhauslinde-bekommen","status":"publish","type":"post","link":"http:\/\/875jahrekirchgoens.de\/?p=17826","title":{"rendered":"Kirch-G\u00f6ns hat eine neue Backhauslinde bekommen"},"content":{"rendered":"\n<p>Seit einigen Wochen hat Kirch-G\u00f6ns wieder eine neue Dorflinde vor dem alten Backhaus in der Ortsmitte stehen. Eine sieben Meter hohe, mit dem m\u00e4chtigen Wurzelballen drei Tonnen schwere und zw\u00f6lf Zentimeter im mittleren Stammdurchmesser \u201edicke\u201c Winterlinde (lat. \u201eTilia cordata\u201c) hat den Platz ihrer jahrhundertealten m\u00e4chtigen Vorg\u00e4ngerin eingenommen. Nach einem heftigen Sturmereignis im vorigen Fr\u00fchjahr war die im Ortsmund \u201eJohanneslinde\u201c genannte Dorflinde umgest\u00fcrzt. So musste das in ganz Mittelhessen bekannte Kirch-G\u00f6nser Backhausfest 2012 ausnahmsweise ohne Linde gefeiert werden. Die neue Winterlinde wurde dem 1450 Einwohner gro\u00dfen Stadtteil von einem Ortsb\u00fcrger gespendet, der ungenannt bleiben m\u00f6chte. An den alten angestammten Lindenplatz wurde der Junge Baum vom ortsans\u00e4ssigen Garten- und Landschaftsbauer Jens-Peter Braasch mit Hilfe von Maschinen gesetzt. Zuvor hatte man das alte angestammte Basalt-Pflaster samt den Stufen entfernt und zwischengelagert. Es soll im zeitigen Fr\u00fchjahr neu verlegt werden. Damit die neue Linde ausreichend Standstabilit\u00e4t hat und nicht umkippt, wurden der Stamm und der Wurzelballen fest mit unterirdischen Seilen verspannt. Holzpfl\u00f6cke brauchten deshalb nicht in den Boden gerammt zu werden. Die neue Linde hat als Schattenspenderin vor dem Backhaus einen idealen sonnigen Standort gefunden. Die Winterlinde tr\u00e4gt herzf\u00f6rmige Bl\u00e4tter. Die reiche Bl\u00fctentracht im Juni und Juli ist beliebt bei den Bienen, und im Herbst besticht der Baum durch seine gelbliche F\u00e4rbung. Die Winterlinde kann bis zu 20, 30 Meter hoch und fast 1000 Jahre alt werden. Sie wird bei den k\u00fcnftigen Backhausfesten ihre markante Silhouette zeigen und allen k\u00fcnftigen Kirch-G\u00f6nser Generationen hoffentlich noch lange zur Freude dienen.<\/p>\n\n\n<div class=\"wp-block-image\">\n<figure class=\"aligncenter size-full\"><img loading=\"lazy\" decoding=\"async\" width=\"512\" height=\"333\" src=\"https:\/\/875jahrekirchgoens.de\/wp-content\/uploads\/2025\/11\/grafik-309.png\" alt=\"\" class=\"wp-image-17827\" srcset=\"http:\/\/875jahrekirchgoens.de\/wp-content\/uploads\/2025\/11\/grafik-309.png 512w, http:\/\/875jahrekirchgoens.de\/wp-content\/uploads\/2025\/11\/grafik-309-300x195.png 300w\" sizes=\"auto, (max-width: 512px) 100vw, 512px\" \/><\/figure><\/div>\n\n\n<p>Eine neue Winterlinde ziert seit kurzem den Ortsmittelpunkt von Kirch-G\u00f6ns. Das Foto zeigt, wie der ortspr\u00e4gende Baum auf dem Platz vor dem Backhaus gepflanzt wurde.<\/p>\n\n\n\n<p>Quelle und Bild: Butzbacher Zeitung vom 31. Dezember 2012<\/p>\n","protected":false},"excerpt":{"rendered":"<p>Seit einigen Wochen hat Kirch-G\u00f6ns wieder eine neue Dorflinde vor dem alten Backhaus in der Ortsmitte stehen. Eine sieben Meter hohe, mit dem m\u00e4chtigen Wurzelballen drei Tonnen schwere und zw\u00f6lf Zentimeter im mittleren Stammdurchmesser \u201edicke\u201c Winterlinde (lat. \u201eTilia cordata\u201c) hat den Platz ihrer jahrhundertealten m\u00e4chtigen Vorg\u00e4ngerin eingenommen. Nach einem heftigen Sturmereignis im vorigen Fr\u00fchjahr war &#8230; <a title=\"Kirch-G\u00f6ns hat eine neue Backhauslinde bekommen\" class=\"read-more\" href=\"http:\/\/875jahrekirchgoens.de\/?p=17826\" aria-label=\"Mehr Informationen \u00fcber Kirch-G\u00f6ns hat eine neue Backhauslinde bekommen\">Weiterlesen<\/a><\/p>\n","protected":false},"author":1,"featured_media":0,"comment_status":"closed","ping_status":"open","sticky":false,"template":"","format":"standard","meta":{"footnotes":""},"categories":[1],"tags":[],"class_list":["post-17826","post","type-post","status-publish","format-standard","hentry","category-infos"],"_links":{"self":[{"href":"http:\/\/875jahrekirchgoens.de\/index.php?rest_route=\/wp\/v2\/posts\/17826","targetHints":{"allow":["GET"]}}],"collection":[{"href":"http:\/\/875jahrekirchgoens.de\/index.php?rest_route=\/wp\/v2\/posts"}],"about":[{"href":"http:\/\/875jahrekirchgoens.de\/index.php?rest_route=\/wp\/v2\/types\/post"}],"author":[{"embeddable":true,"href":"http:\/\/875jahrekirchgoens.de\/index.php?rest_route=\/wp\/v2\/users\/1"}],"replies":[{"embeddable":true,"href":"http:\/\/875jahrekirchgoens.de\/index.php?rest_route=%2Fwp%2Fv2%2Fcomments&post=17826"}],"version-history":[{"count":1,"href":"http:\/\/875jahrekirchgoens.de\/index.php?rest_route=\/wp\/v2\/posts\/17826\/revisions"}],"predecessor-version":[{"id":17828,"href":"http:\/\/875jahrekirchgoens.de\/index.php?rest_route=\/wp\/v2\/posts\/17826\/revisions\/17828"}],"wp:attachment":[{"href":"http:\/\/875jahrekirchgoens.de\/index.php?rest_route=%2Fwp%2Fv2%2Fmedia&parent=17826"}],"wp:term":[{"taxonomy":"category","embeddable":true,"href":"http:\/\/875jahrekirchgoens.de\/index.php?rest_route=%2Fwp%2Fv2%2Fcategories&post=17826"},{"taxonomy":"post_tag","embeddable":true,"href":"http:\/\/875jahrekirchgoens.de\/index.php?rest_route=%2Fwp%2Fv2%2Ftags&post=17826"}],"curies":[{"name":"wp","href":"https:\/\/api.w.org\/{rel}","templated":true}]}}