{"id":17845,"date":"2002-04-27T10:39:00","date_gmt":"2002-04-27T10:39:00","guid":{"rendered":"https:\/\/875jahrekirchgoens.de\/?p=17845"},"modified":"2025-11-26T10:39:50","modified_gmt":"2025-11-26T10:39:50","slug":"william-thum-neuer-pfarrer-in-kirch-und-pohl-goens","status":"publish","type":"post","link":"http:\/\/875jahrekirchgoens.de\/?p=17845","title":{"rendered":"William Thum neuer Pfarrer in Kirch- und Pohl-G\u00f6ns"},"content":{"rendered":"\n<p>Pfarrer William Thum wird neuer Seelsorger in den Evangelischen Kirchengemeinden Kirch-G\u00f6ns und Pohl-G\u00f6ns. Die Kirchenvorst\u00e4nde beider Gemeinden haben die Berufung von Thum zum neuen Pfarrer in ihrer gemeinsamen Sitzung am Donnerstag beschlossen.<\/p>\n\n\n\n<p>Die Kirchenvorst\u00e4nde weisen darauf hin, dass gegen diese Entscheidung die M\u00f6glichkeit des Einspruchs f\u00fcr Mitglieder der Evangelischen Kirchengemeinden Kirch-G\u00f6ns und Pohl-G\u00f6ns besteht. Gem\u00e4\u00df\u00a7 22 (3) bzw. \u00a725(2) der Kirchenordnung der evangelischen Kirche in Hessen und Nassau (EKHN) muss diese schriftlich beim Dekan des Evangelischen Dekanats Wetterau, Am Goldstein 4b, 61231 Bad Nauheim, bis 12. Mai 2002 erfolgen. Einspr\u00fcche k\u00f6nnen auch gegen\u00fcber den Kirchenvorst\u00e4nden geltend gemacht werden. Erfolgt kein Einspruch, wird Pfarrer William Thum voraussichtlich zum1. Juni 2002 seinen Dienst in den evangelischen Kirchengemeinden aufnehmen. Beide Kirchenvorst\u00e4nde sind sichtlich erleichtert, die Vakanz in den Kirchengemeinden nun so bald beenden zu k\u00f6nnen und freuen sich auf eine gute Zusammenarbeit mit ihrem neuen Pfarrer.<\/p>\n\n\n\n<p>Quelle: Butzbacher Zeitung vom 27. April 2002<\/p>\n","protected":false},"excerpt":{"rendered":"<p>Pfarrer William Thum wird neuer Seelsorger in den Evangelischen Kirchengemeinden Kirch-G\u00f6ns und Pohl-G\u00f6ns. Die Kirchenvorst\u00e4nde beider Gemeinden haben die Berufung von Thum zum neuen Pfarrer in ihrer gemeinsamen Sitzung am Donnerstag beschlossen. Die Kirchenvorst\u00e4nde weisen darauf hin, dass gegen diese Entscheidung die M\u00f6glichkeit des Einspruchs f\u00fcr Mitglieder der Evangelischen Kirchengemeinden Kirch-G\u00f6ns und Pohl-G\u00f6ns besteht. Gem\u00e4\u00df\u00a7 &#8230; <a title=\"William Thum neuer Pfarrer in Kirch- und Pohl-G\u00f6ns\" class=\"read-more\" href=\"http:\/\/875jahrekirchgoens.de\/?p=17845\" aria-label=\"Mehr Informationen \u00fcber William Thum neuer Pfarrer in Kirch- und Pohl-G\u00f6ns\">Weiterlesen<\/a><\/p>\n","protected":false},"author":1,"featured_media":0,"comment_status":"closed","ping_status":"open","sticky":false,"template":"","format":"standard","meta":{"footnotes":""},"categories":[1],"tags":[],"class_list":["post-17845","post","type-post","status-publish","format-standard","hentry","category-infos"],"_links":{"self":[{"href":"http:\/\/875jahrekirchgoens.de\/index.php?rest_route=\/wp\/v2\/posts\/17845","targetHints":{"allow":["GET"]}}],"collection":[{"href":"http:\/\/875jahrekirchgoens.de\/index.php?rest_route=\/wp\/v2\/posts"}],"about":[{"href":"http:\/\/875jahrekirchgoens.de\/index.php?rest_route=\/wp\/v2\/types\/post"}],"author":[{"embeddable":true,"href":"http:\/\/875jahrekirchgoens.de\/index.php?rest_route=\/wp\/v2\/users\/1"}],"replies":[{"embeddable":true,"href":"http:\/\/875jahrekirchgoens.de\/index.php?rest_route=%2Fwp%2Fv2%2Fcomments&post=17845"}],"version-history":[{"count":1,"href":"http:\/\/875jahrekirchgoens.de\/index.php?rest_route=\/wp\/v2\/posts\/17845\/revisions"}],"predecessor-version":[{"id":17846,"href":"http:\/\/875jahrekirchgoens.de\/index.php?rest_route=\/wp\/v2\/posts\/17845\/revisions\/17846"}],"wp:attachment":[{"href":"http:\/\/875jahrekirchgoens.de\/index.php?rest_route=%2Fwp%2Fv2%2Fmedia&parent=17845"}],"wp:term":[{"taxonomy":"category","embeddable":true,"href":"http:\/\/875jahrekirchgoens.de\/index.php?rest_route=%2Fwp%2Fv2%2Fcategories&post=17845"},{"taxonomy":"post_tag","embeddable":true,"href":"http:\/\/875jahrekirchgoens.de\/index.php?rest_route=%2Fwp%2Fv2%2Ftags&post=17845"}],"curies":[{"name":"wp","href":"https:\/\/api.w.org\/{rel}","templated":true}]}}